{"id":2326,"date":"2015-04-15T23:31:47","date_gmt":"2015-04-15T21:31:47","guid":{"rendered":"https:\/\/mysterium24.se\/?p=2326"},"modified":"2020-07-14T13:23:58","modified_gmt":"2020-07-14T11:23:58","slug":"dan-josefssons-egna-borttrangda-minnen","status":"publish","type":"post","link":"https:\/\/mysterium24.se\/?p=2326","title":{"rendered":"Dan Josefssons egna borttr\u00e4ngda minnen"},"content":{"rendered":"<p><strong>Frilansjournalisten Dan Josefsson har de senaste \u00e5ren anklagat en rad personer f\u00f6r att tro p\u00e5 &#8221;borttr\u00e4ngda minnen&#8221; och att denna tro orsakade att Thomas Quick d\u00f6mdes f\u00f6r mord. Lustigt nog skrev Josefsson dessf\u00f6rinnan en bok om sina egna borttr\u00e4ngda minnen och hur de sp\u00f6kar i hans vuxna liv.<\/strong><span style=\"color: #c0c0c0;\"><strong><br \/>\n<\/strong><\/span><\/p>\n<p>Dan Josefsson har de senaste \u00e5ren slungat ut anklagelser (spekulationer) att psykv\u00e5rden, polisen, \u00e5klagare och minnesforskare p\u00e5 1990-talet arbetade utifr\u00e5n teorin om borttr\u00e4ngda minnen och att det var d\u00e4rf\u00f6r Thomas Quick d\u00f6mdes f\u00f6r mord.<\/p>\n<p><strong>Men<\/strong> Josefsson uppger sig \u00e4ven ha problem med sina egna borttr\u00e4ngda minnen, det framg\u00e5r i hans bok &#8221;Den m\u00f6rka hemligheten&#8221; som utkom h\u00f6sten 2011:<\/p>\n<p><img loading=\"lazy\" decoding=\"async\" class=\"aligncenter size-full wp-image-4657\" src=\"https:\/\/mysterium24.se\/wp-content\/uploads\/2015\/04\/dj-den-morka-hemligheten.jpg\" alt=\"\" width=\"400\" height=\"455\" \/><\/p>\n<p><strong>Ett par \u00e5r efter <\/strong>ovanst\u00e5ende bok utkom Josefsson med boken &#8221;Thomas Quick, Mannen som slutade ljuga&#8221; (2013)&#8230;<br \/>\n&#8230;d\u00e4r Josefsson anklagar i stort sett alla som vistats i n\u00e4rheten av Quick f\u00f6r att tro p\u00e5 borttr\u00e4ngda minnen.<\/p>\n<h2>Josefssons borttr\u00e4ngda minnen<\/h2>\n<p>I baksidestexten till Josefssons bok &#8221;Den m\u00f6rka hemligheten&#8221; (2011) uppges bl.a:<\/p>\n<blockquote><p>&#8221;Den m\u00f6rka hemligheten&#8221; visar med hj\u00e4lp av modern forskning att sv\u00e5righeter med att forma ett tryggt vuxenliv ofta beror p\u00e5 att vi haft <strong>sv\u00e5ra upplevelser i den tidiga barndomen<\/strong> eller under uppv\u00e4xten. Det kan r\u00f6ra sig om v\u00e5ld och andra \u00f6vergrepp, \/&#8230;\/<br \/>\n&#8230; om vi vill leva som v\u00e4lm\u00e5ende, harmoniska m\u00e4nniskor som kan skapa k\u00e4rleksfulla och trygga relationer <strong>m\u00e5ste vi f\u00f6rst\u00e5 det tidiga traumats mekanismer<\/strong> och g\u00f6ra n\u00e5got \u00e5t saken.&#8221;<\/p><\/blockquote>\n<p>I f\u00f6rordet skriver Josefsson sedan om hur han som vuxen gick i terapi hos en psykolog och psykoterapeut, och hur upplevelserna under de &#8221;f\u00f6rsta levnads\u00e5ren&#8221; orsakar problem i vuxenlivet.<br \/>\n(Anm: det uppges inte vad de sv\u00e5ra upplevelserna i barndomen bestod av. Anledningen s\u00e4gs vara av h\u00e4nsyn till att ber\u00f6rda personer fortfarande \u00e4r i livet, enligt en intervju som gjordes i programmet &#8221;En bok en f\u00f6rfattare&#8221; 2011).<\/p>\n<p>L\u00e4ngre in i &#8221;Den m\u00f6rka hemligheten&#8221; beskriver Josefsson hur traumatiska h\u00e4ndelser tr\u00e4ngs bort i minnet med s\u00e5 kallad <em>dissociation<\/em> <em> (sid 62-63, min fetstil)<\/em>:<\/p>\n<blockquote><p>&#8221;En del sm\u00e4rtsamma minnen och obehagliga k\u00e4nslor fr\u00e5n det f\u00f6rflutna kan vara s\u00e5 p\u00e5flugna att vi inte kommer undan dem hur mycket vi \u00e4n f\u00f6rs\u00f6ker undvika vissa situationer och tankar. I det l\u00e4get finns det ytterligare <strong>en metod som vi helt omedvetet kan ta till f\u00f6r att skydda oss. Den kallas f\u00f6r dissociation, vilket kan \u00f6vers\u00e4ttas med bortkoppling<\/strong> och \u00e4r motsatsen till association. N\u00e4r vi g\u00e5r in i ett dissociativt tillst\u00e5nd st\u00e4ngs v\u00e5ra k\u00e4nslor av. Dissociationen \u00e4r d\u00e4rmed som ett slags inre n\u00f6dbroms som vi omedvetet drar i <strong>n\u00e4r vi inte kan komma undan sm\u00e4rtsamma minnen och k\u00e4nslor p\u00e5 n\u00e5got annat s\u00e4tt<\/strong>.&#8221;<\/p><\/blockquote>\n<p>Enligt Josefsson syftar &#8221;dissociation&#8221; p\u00e5<strong> borttr\u00e4ngning av traumatiska minnen.<\/strong><br \/>\nDet framg\u00e5r i hans senare debattartikel d\u00e4r han anklagar minnesforskaren Sven \u00c5 Christianson och justitier\u00e5det G\u00f6ran Lambertz f\u00f6r att tro p\u00e5 borttr\u00e4ngda minnen (DN, 2014-02-20, min fetstil):<\/p>\n<blockquote><p>&#8221;I sin debattartikel p\u00e5st\u00e5r Christianson nu att det han sa i r\u00e4tten inte handlade om \u201dborttr\u00e4ngning\u201d utan om n\u00e5got som han vill kalla \u201dett avsiktligt avv\u00e4rjande av minnen\u201d. Det \u00e4r en irrelevant inv\u00e4ndning. <strong>I debatten om borttr\u00e4ngning anv\u00e4nds ofta alternativa begrepp som \u201ddissociation\u201d, \u201dblockering\u201d, \u201davv\u00e4rjande\u201d och liknande. Men det man syftar p\u00e5 \u00e4r borttr\u00e4ngning av traumatiska minnen,<\/strong> och det \u00e4r om\u00f6jligt f\u00f6r Christianson att f\u00f6rneka att han trodde p\u00e5 borttr\u00e4ngningshypotesen under 1990-talet.&#8221;<\/p><\/blockquote>\n<p>I Josefssons debattartikel ovan framg\u00e5r mycket tydligt att han h\u00e4vdar att b\u00e5de &#8221;avv\u00e4rjande&#8221; och &#8221;dissociation&#8221; syftar p\u00e5 borttr\u00e4ngning av traumatiska minnen.<\/p>\n<h2>Sammanfattning<\/h2>\n<p>Dan Josefsson ber\u00e4ttar i sin bok &#8221;Den m\u00f6rka hemligheten&#8221; att han har g\u00e5tt i psykoterapi och d\u00e4r \u00e5terv\u00e4ckt borttr\u00e4ngda (traumatiska) minnen fr\u00e5n sin egen tidiga barndom.<br \/>\nI boken uttrycker Josefsson borttr\u00e4ngda minnen som dissociation, vilket enligt hans debattartikel syftar p\u00e5 borttr\u00e4ngning av (traumatiska) minnen.<\/p>\n<p>Numera h\u00e5ller Josefsson tyst om den boken. P\u00e5 sin bloggs presentationssida (\u201cOm mig\u201d) finns den inte medtagen bland \u00f6vriga av sina b\u00f6cker och alster som han r\u00e4knar upp.<\/p>\n","protected":false},"excerpt":{"rendered":"<p>Frilansjournalisten Dan Josefsson har de senaste \u00e5ren anklagat en rad personer f\u00f6r att tro p\u00e5 &#8221;borttr\u00e4ngda minnen&#8221; och att denna tro orsakade att Thomas Quick d\u00f6mdes f\u00f6r mord. Lustigt nog skrev Josefsson dessf\u00f6rinnan en bok om sina egna borttr\u00e4ngda minnen och hur de sp\u00f6kar i hans vuxna liv. Dan Josefsson har de senaste \u00e5ren slungat [&hellip;]<\/p>\n","protected":false},"author":1,"featured_media":0,"comment_status":"closed","ping_status":"closed","sticky":false,"template":"","format":"standard","meta":{"footnotes":""},"categories":[17],"tags":[],"class_list":["post-2326","post","type-post","status-publish","format-standard","hentry","category-3-thomas-quick-fallet"],"_links":{"self":[{"href":"https:\/\/mysterium24.se\/index.php?rest_route=\/wp\/v2\/posts\/2326","targetHints":{"allow":["GET"]}}],"collection":[{"href":"https:\/\/mysterium24.se\/index.php?rest_route=\/wp\/v2\/posts"}],"about":[{"href":"https:\/\/mysterium24.se\/index.php?rest_route=\/wp\/v2\/types\/post"}],"author":[{"embeddable":true,"href":"https:\/\/mysterium24.se\/index.php?rest_route=\/wp\/v2\/users\/1"}],"replies":[{"embeddable":true,"href":"https:\/\/mysterium24.se\/index.php?rest_route=%2Fwp%2Fv2%2Fcomments&post=2326"}],"version-history":[{"count":0,"href":"https:\/\/mysterium24.se\/index.php?rest_route=\/wp\/v2\/posts\/2326\/revisions"}],"wp:attachment":[{"href":"https:\/\/mysterium24.se\/index.php?rest_route=%2Fwp%2Fv2%2Fmedia&parent=2326"}],"wp:term":[{"taxonomy":"category","embeddable":true,"href":"https:\/\/mysterium24.se\/index.php?rest_route=%2Fwp%2Fv2%2Fcategories&post=2326"},{"taxonomy":"post_tag","embeddable":true,"href":"https:\/\/mysterium24.se\/index.php?rest_route=%2Fwp%2Fv2%2Ftags&post=2326"}],"curies":[{"name":"wp","href":"https:\/\/api.w.org\/{rel}","templated":true}]}}