{"id":4861,"date":"2021-08-19T22:49:25","date_gmt":"2021-08-19T20:49:25","guid":{"rendered":"https:\/\/mysterium24.se\/?p=4861"},"modified":"2022-02-07T18:47:16","modified_gmt":"2022-02-07T17:47:16","slug":"sommar-ovader-pa-1800-talet-380-mm-regn-hela-belgien-under-vatten-hagel-stora-som-honsagg","status":"publish","type":"post","link":"https:\/\/mysterium24.se\/?p=4861","title":{"rendered":"Sommar-ov\u00e4der p\u00e5 1800-talet: 380 mm regn. Hela Belgien under vatten. Hagel stora som h\u00f6ns\u00e4gg."},"content":{"rendered":"<p><img loading=\"lazy\" decoding=\"async\" class=\"aligncenter size-full wp-image-4864\" src=\"https:\/\/mysterium24.se\/wp-content\/uploads\/2021\/08\/stora-hagel.jpg\" alt=\"\" width=\"600\" height=\"284\" \/><\/p>\n<p><strong>H\u00e4r ges en glimt av hur stora utrikes ov\u00e4dersh\u00e4ndelser rapporterades i forna tider, d\u00e5 s\u00e5na katastrofer inte alls blev lika synliga f\u00f6r omv\u00e4rlden som i nutid.<\/strong><\/p>\n<p><strong>I forna tider<\/strong> hade media en blygsam utbredning och synlighet j\u00e4mf\u00f6rt med nutid. Tidningar var enda nyhetsmediet. Tidningarna bestod av ett f\u00e5tal sidor, inga fotografier, sidorna var t\u00e4ttskrivna.<br \/>\n\u00c4ven artiklarnas rubriker var blygsamma (utom logotypen l\u00e4ngst upp p\u00e5 f\u00f6rstasidan), b\u00e5de till storlek och inneh\u00e5ll. Rubriker som den ovanst\u00e5ende stora, l\u00e5nga och mer detaljerade rubriken f\u00f6rekom knappast p\u00e5 den tiden.<\/p>\n<p>Det var i industrialismens barndom. M\u00e4nniskans utsl\u00e4pp var marginella, globalt sett. Jordens befolkningsm\u00e4ngd var bara drygt 1 miljard, ist\u00e4llet f\u00f6r n\u00e4rmare 8 miljarder som nu.<\/p>\n<p>Bild nedan: Aftonbladets f\u00f6rstasida \u00e5r 1850, den 31 augusti. P\u00e5 f\u00f6rstasidan st\u00e5r ingenting om de sv\u00e5ra \u00f6versv\u00e4mningar som drabbat Belgien och Frankrike, men p\u00e5 sidan 3 i den tunna tidningen omtalas de h\u00e4ndelserna.<\/p>\n<p><img loading=\"lazy\" decoding=\"async\" class=\"aligncenter size-full wp-image-4862\" src=\"https:\/\/mysterium24.se\/wp-content\/uploads\/2021\/08\/Aftonbladet1850-08-31_sid1.jpg\" alt=\"\" width=\"400\" height=\"614\" \/><\/p>\n<p><img loading=\"lazy\" decoding=\"async\" class=\"aligncenter size-full wp-image-4863\" src=\"https:\/\/mysterium24.se\/wp-content\/uploads\/2021\/08\/Aftonbladet1850-08-31_sid3.jpg\" alt=\"\" width=\"400\" height=\"617\" \/><\/p>\n<p>Bild ovan: sidan 3, fr\u00e5n 31 augusti 1850.<br \/>\nDen sidan \u00e4r \u00e4nnu mer kompakt och t\u00e4ttskriven \u00e4n f\u00f6rstasidan. L\u00e4ngst ner i fj\u00e4rde kolumnen, under rubriken &#8221;Blandade \u00e4mnen&#8221;, med forts\u00e4ttning \u00f6verst i sista kolumnen (r\u00f6dmarkerat), n\u00e5gra axplock ur texten (min fetstil):<\/p>\n<ul>\n<li>&#8221;\u00d6FVERSV\u00c4MNINGAR I BELGIEN OCH FRANKRIKE&#8221;<\/li>\n<li>\u00bbI mannaminne\u00bb, s\u00e4ger en tidning, \u00bbhar aldrig ett s\u00e5 ymnigt, starkt, ih\u00e5llande och allm\u00e4nt regn fallit. <strong>Hela landet (Belgien) \u00e4r \u00f6fversv\u00e4mmadt<\/strong>\u00bb.<\/li>\n<li>&#8221;Under medlet af Augusti m\u00e5nad hafva h\u00e4ftiga st\u00f6rtregn, som fallit i dessa l\u00e4nder, medf\u00f6rt stora \u00f6fversv\u00e4mningar p\u00e5 m\u00e5nga st\u00e4llen, s\u00e5 att <strong>ofta hela hus och skogar blifvit n\u00e4stan bortsopade och flera menniskolif spilda<\/strong>. I Hirson, hvarest le Gland kastar sig i l&#8217;Oise, <strong>stodo alla gator under vatten<\/strong> den 16 Aug.&#8221;<\/li>\n<li>&#8221;<strong>nya stenbroar hade blifvit kullst\u00f6rtade<\/strong>.&#8221;<\/li>\n<li>&#8221;Gatorna, heter det, i en ber\u00e4ttelse fr\u00e5n Br\u00fcssel, bildade rigtiga floder, hvilkas h\u00e4ftiga str\u00f6mmar till och med bortf\u00f6rde gatul\u00e4ggningen.&#8221;<\/li>\n<li>&#8221;N\u00e5gra b\u00f6nder, som i trakten af Wenderghem den 15 Aug. \u00e5terkommo fr\u00e5n kyrkan, \u00f6fverraskades p\u00e5 v\u00e4gen ar en h\u00e4ftig orkan och togo sin tillflykt till en qvarn. <strong>\u00c5skan f\u00f6rf\u00f6ljde dem<\/strong> \u00e4fven h\u00e4r. Den slog ned och tr\u00e4ffade 12 personer, af hvilka trenne afledo och de \u00f6friga blefvo mer eller mindre sv\u00e5rt s\u00e5rade.&#8221;<\/li>\n<li>&#8221;I Gent hade kanalen p\u00e5 43 timmar stigit \u00f6fver 2 alnar.&#8221;<\/li>\n<li>&#8221;Best\u00f6rtning och sorg \u00e4r m\u00e5lad p\u00e5 alla ansigten.&#8221;<\/li>\n<\/ul>\n<p><strong>Ett annat exempel p\u00e5 ov\u00e4der<\/strong> f\u00f6rr i tiden \u00e4r sommaren 1882, den 5 augusti. N\u00e5gra axplock ur texten (min fetstil):<\/p>\n<ul>\n<li>&#8221;Skyfall och orkaner i Tyskland och \u00d6sterrike.&#8221;<\/li>\n<li>&#8221;v\u00e5ldsamma skyfall, p\u00e5 m\u00e5nga st\u00e4llen i f\u00f6rening med orkanartade vindst\u00f6tar samt hagelskurar&#8221;<\/li>\n<li>&#8221;I staden Brandenburg f\u00f6ll <strong>p\u00e5 n\u00e5gra f\u00e5 timmar 380 millimeter regn.<\/strong>&#8221;<\/li>\n<li>&#8221;<strong>Dammen<\/strong> vid Pruskworka <strong>genombr\u00f6ts<\/strong>.&#8221;<\/li>\n<li>&#8221;Vid Neckarfloden f\u00f6llo <strong>hagel s\u00e5 stora som duf- och h\u00f6ns\u00e4gg<\/strong>.&#8221;<\/li>\n<li>&#8221;en \u00f6fversv\u00e4mning, s\u00e5 att vattnet stod 5 fot h\u00f6gt i k\u00e4llarne.&#8221;<\/li>\n<li>&#8221;M\u00e5nga personer s\u00e5rades af de nedhaglande ispiggarne.&#8221;<\/li>\n<li>&#8221;I Br\u00fcnn hade inv\u00e5narne knappast tid att r\u00e4dda sig, och flere personer drunknade. Tusentals landtm\u00e4n ha mist hela sin sk\u00f6rd.&#8221;<\/li>\n<\/ul>\n<hr \/>\n<p><strong>Skeptikern<\/strong> t\u00e4nker kanske att vissa av uppgifterna fr\u00e5n den tiden kan vara \u00f6verdrivna. F\u00f6ll det verkligen 380 mm regn p\u00e5 n\u00e5gra f\u00e5 timmar? <span style=\"color: #808080;\">(Det \u00e4r mer \u00e4n dubbelt s\u00e5 mycket som i G\u00e4vle h\u00e4romdan under 24 timmar, vid \u00f6versv\u00e4mningarna d\u00e4r som uppm\u00e4rksammades flitigt i media).<br \/>\n<\/span> Var haglen i augusti verkligen stora som duv- och h\u00f6ns\u00e4gg? Var verkligen hela Belgien \u00f6versv\u00e4mmat?<\/p>\n<p>Absolut visshet om detta l\u00e4r vi inte f\u00e5. Men nuf\u00f6rtiden \u2013 i v\u00e5r moderna tid \u2013 \u00f6verdrivs, vinklas och friseras det, s\u00e5 varf\u00f6r inte \u00e4ven d\u00e5.<\/p>\n<p>Hursomhelst, om de tv\u00e5 n\u00e4mnda ov\u00e4derexemplen fr\u00e5n utlandet hade intr\u00e4ffat i nutid, s\u00e5 hade de f\u00e5tt MYCKET stor spridning i massmedia. P\u00e5 f\u00f6rstasidor, med stora rubriker och chockerande bilder och videoklipp, uppf\u00f6ljning och intr\u00e4ngande reportage lokalt p\u00e5 plats flera dar i str\u00e4ck.<br \/>\nD\u00e4rf\u00f6r att v\u00e4dret och klimatet \u00e4r numera <em>hett,<\/em> eller h\u00f6gaktuellt som det ocks\u00e5 heter.<\/p>\n<hr \/>\n<hr \/>\n<p><span style=\"color: #808080;\">Mera:<\/span><\/p>\n<p><span style=\"color: #808080;\">De citerade tidningstexterna ovan \u00e4r inl\u00e4sta med ett maskininl\u00e4sningsprogram (OCR), det kan finnas felstavningar.<\/span><\/p>\n<p><span style=\"color: #808080;\">Tidningssidorna med de tv\u00e5 artiklarna ovan (hos kb.se, Kungliga biblioteket):<\/span><br \/>\n&#8211; <a href=\"https:\/\/tidningar.kb.se\/4112678\/1850-08-31\/edition\/0\/part\/1\/page\/3\/\" target=\"_blank\" rel=\"noopener\">1850-08-31, sidan 3, Aftonbladet<\/a>.<span style=\"color: #808080;\"> (kolumn 4 och 5, l\u00e4ngst ner resp. upp).<\/span><br \/>\n&#8211; <a href=\"https:\/\/tidningar.kb.se\/4112678\/1882-08-05\/edition\/0\/part\/1\/page\/3\/\" target=\"_blank\" rel=\"noopener\">1882-08-05, sidan 3, Aftonbladet<\/a>.<span style=\"color: #808080;\"> (kolumn 3, en bit ner).<br \/>\nTips, hos kb.se:<br \/>\ntryck p\u00e5 den lilla tidningssidan f\u00f6r st\u00f6rre bild. Tryck sedan p\u00e5 + och &#8211; knapparna f\u00f6r att zooma in eller ut. Dra p\u00e5 tidningssidan med musen (eller fingret) f\u00f6r att flytta tidningssidan. St\u00e4ng med x l\u00e4ngst upp till h\u00f6ger.<\/span><\/p>\n<p><span style=\"color: #808080;\">Bilder \u00f6verst, stora hagel, av<\/span> <a href=\"https:\/\/pixabay.com\/users\/angelajmaher-2922900\/\" target=\"_blank\" rel=\"noopener\">AngelaJMaher<\/a> \/ <a href=\"https:\/\/pixabay.com\/users\/georgex25-6123913\/\" target=\"_blank\" rel=\"noopener\">Georgex25<\/a>.<\/p>\n","protected":false},"excerpt":{"rendered":"<p>H\u00e4r ges en glimt av hur stora utrikes ov\u00e4dersh\u00e4ndelser rapporterades i forna tider, d\u00e5 s\u00e5na katastrofer inte alls blev lika synliga f\u00f6r omv\u00e4rlden som i nutid. I forna tider hade media en blygsam utbredning och synlighet j\u00e4mf\u00f6rt med nutid. Tidningar var enda nyhetsmediet. Tidningarna bestod av ett f\u00e5tal sidor, inga fotografier, sidorna var t\u00e4ttskrivna. \u00c4ven [&hellip;]<\/p>\n","protected":false},"author":1,"featured_media":0,"comment_status":"closed","ping_status":"closed","sticky":false,"template":"","format":"standard","meta":{"footnotes":""},"categories":[89],"tags":[],"class_list":["post-4861","post","type-post","status-publish","format-standard","hentry","category-vader-och-klimat"],"_links":{"self":[{"href":"https:\/\/mysterium24.se\/index.php?rest_route=\/wp\/v2\/posts\/4861","targetHints":{"allow":["GET"]}}],"collection":[{"href":"https:\/\/mysterium24.se\/index.php?rest_route=\/wp\/v2\/posts"}],"about":[{"href":"https:\/\/mysterium24.se\/index.php?rest_route=\/wp\/v2\/types\/post"}],"author":[{"embeddable":true,"href":"https:\/\/mysterium24.se\/index.php?rest_route=\/wp\/v2\/users\/1"}],"replies":[{"embeddable":true,"href":"https:\/\/mysterium24.se\/index.php?rest_route=%2Fwp%2Fv2%2Fcomments&post=4861"}],"version-history":[{"count":0,"href":"https:\/\/mysterium24.se\/index.php?rest_route=\/wp\/v2\/posts\/4861\/revisions"}],"wp:attachment":[{"href":"https:\/\/mysterium24.se\/index.php?rest_route=%2Fwp%2Fv2%2Fmedia&parent=4861"}],"wp:term":[{"taxonomy":"category","embeddable":true,"href":"https:\/\/mysterium24.se\/index.php?rest_route=%2Fwp%2Fv2%2Fcategories&post=4861"},{"taxonomy":"post_tag","embeddable":true,"href":"https:\/\/mysterium24.se\/index.php?rest_route=%2Fwp%2Fv2%2Ftags&post=4861"}],"curies":[{"name":"wp","href":"https:\/\/api.w.org\/{rel}","templated":true}]}}