{"id":6150,"date":"2025-03-04T21:31:35","date_gmt":"2025-03-04T20:31:35","guid":{"rendered":"https:\/\/mysterium24.se\/?p=6150"},"modified":"2025-12-03T14:29:45","modified_gmt":"2025-12-03T13:29:45","slug":"sma-barn-minns-mer-an-vi-trott-enligt-nutida-forskning","status":"publish","type":"post","link":"https:\/\/mysterium24.se\/?p=6150","title":{"rendered":"Sm\u00e5 barn minns mer \u00e4n vi trott, enligt nutida forskning"},"content":{"rendered":"<p><img loading=\"lazy\" decoding=\"async\" class=\"aligncenter wp-image-6165\" src=\"https:\/\/mysterium24.se\/wp-content\/uploads\/2025\/03\/flicka-hjarna-brain.jpg\" alt=\"\" width=\"350\" height=\"277\" \/><\/p>\n<p><strong>F\u00f6r vissa vuxna kan det komma som en diabolisk \u00f6verraskning att sm\u00e5 barn i 1-3-\u00e5rs\u00e5ldern kan minnas h\u00e4ndelser, t.ex. om den vuxne gjort dumma saker mot barnet i tron att sm\u00e5 barn saknar minnesf\u00f6rm\u00e5ga.<\/strong><\/p>\n<p>Att barn i \u00e5ldern 2 till 3 \u00e5r kan minnas och tala om tidigare h\u00e4ndelser i sina liv framg\u00e5r bland annat i studien* \u201dInfantile Amnesia Across the Years: A 2\u2010Year Follow\u2010up of Children\u2019s Earliest Memories\u201d, av Dr <strong>Carole Peterson<\/strong> m.fl. \u00d6vers\u00e4ttning till svenska:<\/p>\n<p style=\"padding-left: 40px;\"><em>&#8221;Omfattande forskning har visat att 2- och 3-\u00e5ringar har ett v\u00e4lfungerande minnessystem och l\u00e4tt kan prata om tidigare h\u00e4ndelser, inklusive s\u00e5dana som intr\u00e4ffade n\u00e4r de var m\u00e5nader eller till och med mer \u00e4n ett \u00e5r yngre [&#8230;]&#8221;<\/em>.<\/p>\n<p>Engelska originaltexten fr\u00e5n studien:<\/p>\n<p style=\"padding-left: 40px;\"><em>\u201dConsiderable research has shown that 2- and 3-year-olds have a well-functioning memory system and can readily talk about past events, including ones that occurred when they were months or even more than a year younger (Bahrick, Parker, Fivush, &amp; Levitt, 1998; Cleveland &amp; Reese, 2008; Fivush &amp; Schwarzmueller, 1998; Harley &amp; Reese, 1999; Peterson, 1999; Peterson &amp; McCabe, 2004; Peterson &amp; Rideout, 1998; Van Abbema &amp; Bauer, 2005).&#8221;<\/em><\/p>\n<p>Observera, det handlar inte om att 2-3-\u00e5riga barn kan l\u00e4mna en <em>redog\u00f6relse<\/em> eller en sammanh\u00e4ngande <em>ber\u00e4ttelse<\/em>, s\u00e5 som \u00e4ldre barn och vuxna kan g\u00f6ra.<br \/>\nMen det lilla barnet har f\u00f6rm\u00e5gan att minnas tidigare h\u00e4ndelser l\u00e5ng tid tillbaka, och barnet kan uttrycka det verbalt mer eller mindre begripligt eller fragmenterat. Under f\u00f6ruts\u00e4ttning f\u00f6rst\u00e5s att barnet har b\u00f6rjat tala, vilket vanligen sker omkring 1,5 \u00e5rs \u00e5lder, eller tidigare om barnet \u00e4r tidigt spr\u00e5kligt utvecklat.<\/p>\n<p>H\u00e4ndelser som av barnet upplevs som omskakande eller traumatiska brukar ligga kvar l\u00e4ngre tid och starkare i minnet, \u00e4n vardagliga eller triviala h\u00e4ndelser.<\/p>\n<p>L\u00e4ngre fram i barndomen f\u00f6rsvinner dock de tidigaste minnena p\u00e5 grund av <strong>barndomsamnesi<\/strong>* (eller infantil amnesi), s\u00e5 att vi som \u00e4ldre barn och vuxna inte l\u00e4ngre minns de h\u00e4ndelserna.<\/p>\n<p>Mer ur ovanst\u00e5ende studie (forts\u00e4ttningen p\u00e5 ovanst\u00e5ende citat):<\/p>\n<p style=\"padding-left: 40px;\"><em>&#8221;[&#8230;] This is all the more remarkable when one considers that children can also recall many events from several years in the past. For example, Peterson and her colleagues (Peterson &amp; Parsons, 2005; Peterson &amp; Whalen, 2001) found that 7- and 8-year-olds had detailed and mostly accurate memory for injuries they had sustained 5 years previously when they had been only 2 or 3 years old, and likewise Fivush and her colleagues found that former 3- and 4-yearolds recalled a destructive hurricane very well after the passage of 6 years (Fivush, Sales, Goldberg, Bahrick, &amp; Parker, 2004; Sales, Fivush, Parker, &amp; Bahrick, 2005; for reviews of long-term memory in children, see Bauer, 2006, 2007; Peterson, 2002). <\/em><\/p>\n<p style=\"padding-left: 40px;\"><em>Thus, young children demonstrate that they have verbally accessible memory for many events that occurred when they were 2 or 3 years of age and yet adults seem to have no recall of any of those events, and the years in their early lives when those events took place become shrouded by childhood amnesia. [&#8230;]&#8221;<\/em><\/p>\n<p>Enligt ovanst\u00e5ende citat ur studien hade 7-8-\u00e5riga barn detaljerade minnen av kroppsskador de \u00e5samkades vid 2-3 \u00e5rs \u00e5lder. Och 6-\u00e5ringar mindes en sv\u00e5r orkan som intr\u00e4ffade n\u00e4r barnen var 3-4 \u00e5r.<br \/>\nMen att de som vuxna inte minns de h\u00e4ndelserna p\u00e5 grund av barndomsamnesi.<\/p>\n<hr \/>\n<p><strong><img loading=\"lazy\" decoding=\"async\" class=\"alignnone wp-image-4600\" src=\"https:\/\/mysterium24.se\/wp-content\/uploads\/2017\/01\/black-dot_60.png\" alt=\"\" width=\"40\" height=\"41\" \/>Mikael Heimann<\/strong>, professor i psykologi, forskar om sp\u00e4dbarns minne, f\u00f6rklarar* varf\u00f6r en del m\u00e4nniskor felaktigt tror att sm\u00e5barn inte \u00e4r kapabla att minnas och tala om tidigare h\u00e4ndelser:<\/p>\n<p style=\"padding-left: 40px;\"><em>&#8221;Att vi inte minns n\u00e5got fr\u00e5n v\u00e5r sp\u00e4daste barndom \u00e4r f\u00f6rmodligen en bidragande orsak till att man i den klassiska psykologin sade att l\u00e5ngtidsminnet utvecklas sent och att vi f\u00f6rst vid 18 till 24 m\u00e5nader \u00e5lder b\u00f6rjar f\u00e5 medvetna minnen.<br \/>\nMen forskningen visar att det inte st\u00e4mmer, h\u00e4ndelseminnen kan vi lagra mycket tidigare.&#8221;*<\/em><\/p>\n<p>I citatet ovan av Heiman framg\u00e5r att vi som <em>vuxna<\/em> inte minns v\u00e5ra f\u00f6rsta levnads\u00e5r (p\u00e5 grund av barndomsamnesi), och att det kan vara orsaken till missuppfattningen att sm\u00e5 barn p\u00e5st\u00e5s inte kunna minnas n\u00e5t alls.<\/p>\n<p>Heiman uppger vidare att <em>&#8221;Fr\u00e5n ett \u00e5rs \u00e5lder \u00f6kar minnesf\u00f6rm\u00e5gan markant. Ett barn p\u00e5 12\u201313 m\u00e5nader minns en specifik h\u00e4ndelse i cirka tv\u00e5 m\u00e5nader, ett barn p\u00e5 18 m\u00e5nader kan minnas en h\u00e4ndelse efter sex m\u00e5nader.&#8221;<\/em> Och \u00e4nnu l\u00e4ngre i vissa fall, enligt Carole Petersons studier.<\/p>\n<p>\u00c4ven barn yngre \u00e4n 1 \u00e5r kan minnas tidigare h\u00e4ndelser, men kortare tid. I den \u00e5ldern \u00f6kar sedan minnesf\u00f6rm\u00e5gan markant, m\u00e5nad f\u00f6r m\u00e5nad.<\/p>\n<hr \/>\n<p><strong><img loading=\"lazy\" decoding=\"async\" class=\"alignnone wp-image-4600\" src=\"https:\/\/mysterium24.se\/wp-content\/uploads\/2017\/01\/black-dot_60.png\" alt=\"\" width=\"40\" height=\"41\" \/><\/strong>Forna tiders missuppfattning att sm\u00e5 barn inte kan minnas h\u00e4ndelser kan allts\u00e5 bero p\u00e5 att man misstolkade fenomenet barndomsamnesi eller infantil amnesi.<\/p>\n<p>Ett exempel p\u00e5 s\u00e5dan missuppfattning \u00e4r docent Tomas Erikssons vittnesm\u00e5l \u00e5r 2010 i Attunda tingsr\u00e4tt g\u00e4llande skadest\u00e5ndskrav fr\u00e5n de tv\u00e5 l\u00e4karna i da Costa\u00e4rendet.<br \/>\nEriksson var beg\u00e4rd av l\u00e4karnas f\u00f6rsvarare och skulle uttala sig om tillf\u00f6rlitligheten i <em>&#8221;barnets ber\u00e4ttelse&#8221;.<\/em> (&#8221;Barnet&#8221; var en 2-3-\u00e5rig flicka som antogs ha varit utsatt f\u00f6r n\u00e5got mycket skr\u00e4mmande vid 1,5 \u00e5rs \u00e5lder).<br \/>\nDocent Eriksson utbrast med emfas i r\u00e4ttssalen att barn inte kan minnas n\u00e5got f\u00f6rr\u00e4n de \u00e4r 3-4 \u00e5r gamla, <em>&#8221;eftersom det inte finns n\u00e5nting att fastna i!&#8221;:<\/em><\/p>\n<!--[if lt IE 9]><script>document.createElement('audio');<\/script><![endif]-->\n<audio class=\"wp-audio-shortcode\" id=\"audio-6150-1\" preload=\"none\" style=\"width: 100%;\" controls=\"controls\"><source type=\"audio\/mpeg\" src=\"https:\/\/mysterium24.se\/wp-content\/uploads\/2025\/02\/cdc-docent-te-inget-att-fastna-iiii.mp3?_=1\" \/><a href=\"https:\/\/mysterium24.se\/wp-content\/uploads\/2025\/02\/cdc-docent-te-inget-att-fastna-iiii.mp3\">https:\/\/mysterium24.se\/wp-content\/uploads\/2025\/02\/cdc-docent-te-inget-att-fastna-iiii.mp3<\/a><\/audio>\n<p><em>(Fakta \u00e4r dock att minnen kan \u201dfastna\u201d hos barn i 1-2-\u00e5rs\u00e5ldern och finnas kvar i m\u00e5nader och ibland \u00f6ver ett \u00e5r).<\/em><\/p>\n<p>Annat som Eriksson sa var korrekt men irrelevant f\u00f6r da Costafallet, exempelvis att sm\u00e5 barn inte kan l\u00e4mna <em>&#8221;redog\u00f6relser&#8221; <\/em>och att man som vuxen inte minns sina tidigaste barndoms\u00e5r.<br \/>\nInget av det hade med da Costafallet att g\u00f6ra eftersom det inte handlade om att barnet hade l\u00e4mnat en redog\u00f6relse eller sammanh\u00e4ngande ber\u00e4ttelse, och inte heller handlade det om en vuxens minnen.<\/p>\n<p><strong>I samma r\u00e4tteg\u00e5ng<\/strong> \u00e5r 2010 h\u00f6rdes \u00e4ven en annan docent, <strong>Nils Wiklund,<\/strong> som inte h\u00f6ll med docent Eriksson g\u00e4llande sm\u00e5 barns minnesf\u00f6rm\u00e5ga. Wiklund sa (citat ur tingsr\u00e4ttsdomen 2010, min fetstil):<\/p>\n<p style=\"padding-left: 40px;\"><em>&#8221;Det g\u00e5r inte att s\u00e4ga n\u00e5got generellt om hur gammalt ett barn m\u00e5ste vara f\u00f6r att kunna redog\u00f6ra f\u00f6r ett sammanhang. Man kan i f\u00f6r sig t\u00e4nka sig att ett litet barn kan s\u00e5v\u00e4l f\u00f6rmedla ett inneh\u00e5ll som \u00e5terspegla en verklighet s\u00e5 fort barnet \u00f6verhuvudtaget kan yttra n\u00e5gra ord.<\/em><br \/>\n<em> N\u00e4r det handlar om en r\u00e4ttsprocess som r\u00f6r misstankar om \u00f6vergrepp \u00e4r det dock viktigt att s\u00e5dana utsagor bed\u00f6ms noga. <\/em><br \/>\n<em><strong>Men det \u00e4r ingenting som hindrar att \u00e4ven ett litet barn mycket v\u00e4l skulle kunna f\u00f6rmedla en verklighet.<\/strong>&#8221;<\/em><\/p>\n<hr \/>\n<p><strong><img loading=\"lazy\" decoding=\"async\" class=\"alignnone wp-image-4600\" src=\"https:\/\/mysterium24.se\/wp-content\/uploads\/2017\/01\/black-dot_60.png\" alt=\"\" width=\"40\" height=\"41\" \/><\/strong>Uppgifter om sm\u00e5 barns minne \u00e5terfinns \u00e4ven i svenska v\u00e5rdguiden*. D\u00e4r uppges bland annat att barn i ett\u00e5rs\u00e5ldern kan minnas h\u00e4ndelser som intr\u00e4ffade f\u00f6r flera m\u00e5nader sedan:<\/p>\n<p style=\"padding-left: 40px;\"><em>&#8221;I ett\u00e5rs\u00e5ldern l\u00e4r sig barn mycket nytt genom att g\u00f6ra samma sak om och om igen. [&#8230;] I den h\u00e4r \u00e5ldern \u00e4r det vanligt att barn g\u00f6r detta:<\/em><br \/>\n<em>&#8211; B\u00f6rjar k\u00e4nna igen sig sj\u00e4lv p\u00e5 bild och i spegeln.<\/em><br \/>\n<em>&#8211; Kommer ih\u00e5g var saker finns, till exempel att nallen ligger i s\u00e4ngen och att skorna st\u00e5r i hallen.<\/em><br \/>\n<em><strong>&#8211; Minns saker hen har upplevt flera m\u00e5nader tillbaka i tiden.<\/strong>&#8221;<\/em><\/p>\n<p>Och, att barn mellan 1 och 2 \u00e5r kan visualisera en sak genom att h\u00f6ra ett ord:<\/p>\n<p style=\"padding-left: 40px;\"><em>&#8221;M\u00e5nga barn mellan 1 och 2 \u00e5r g\u00f6r detta:<\/em><br \/>\n<em>&#8211; Se likheter och olikheter.<\/em><br \/>\n<em>&#8211; F\u00f6rst\u00e5 &#8221;r\u00e4tt och fel&#8221;.<\/em><br \/>\n<strong><em>&#8211; Kan f\u00e5 en bild i huvudet n\u00e4r de h\u00f6r ett ord, utan att saken \u00e4r n\u00e4rvarande.<\/em><\/strong><br \/>\n<em>&#8211; Utveckla och tydligt visa sin egen vilja.&#8221;<\/em><\/p>\n<p><span style=\"color: #808080;\">De uppgifterna i v\u00e5rdguiden uppdaterades 2024-09-02, och granskarna var:<\/span><br \/>\n<span style=\"color: #808080;\">Gustaf Waxeg\u00e5rd, psykolog, psykoterapeut, specialist i klinisk psykologi, Barnkliniken och FOU.<br \/>\nAmanda Wikerst\u00e5l, psykolog, Familjeh\u00e4lsan.<br \/>\nMartin J\u00e4gervall, barnl\u00e4kare, barnneurolog, BVC- och skoll\u00e4kare.<\/span><\/p>\n<h2><img loading=\"lazy\" decoding=\"async\" class=\"alignnone wp-image-4982 size-full\" src=\"https:\/\/mysterium24.se\/wp-content\/uploads\/2019\/07\/ikon-oga-rod50.png\" alt=\"\" width=\"50\" height=\"50\" \/>Sammanfattning, sm\u00e5 barns minne<\/h2>\n<p>Sm\u00e5 barn kan minnas h\u00e4ndelser. Sm\u00e5 barn har f\u00f6rm\u00e5gan till &#8221;episodiskt minne&#8221; eller &#8221;explicit minne&#8221;, men inte lika utvecklat som hos \u00e4ldre barn och vuxna.<br \/>\nVid 6 m\u00e5naders \u00e5lder kan barn komma ih\u00e5g en h\u00e4ndelse n\u00e5gra veckor, vid 12 m\u00e5naders \u00e5lder ett par m\u00e5nader, och l\u00e4ngre fram \u00f6ver ett \u00e5r.<\/p>\n<p>Barn i 1,5 \u00e5rs\u00e5ldern kan visualisera en sak (f\u00e5 en bild i huvudet) n\u00e4r de h\u00f6r ett ord, utan att saken \u00e4r n\u00e4rvarande.<\/p>\n<p>Efter att barn b\u00f6rjat tala, omkring 1,5 \u00e5rs \u00e5lder, eller tidigare om barnet \u00e4r spr\u00e5kligt tidigt utvecklat, s\u00e5 kan barn verbalt uttrycka sina minnen eller minnesfragment mer eller mindre begripligt.<br \/>\nKopplingen mellan spr\u00e5kutveckling och minnesf\u00f6rm\u00e5ga \u00e4r viktig: ju mer spr\u00e5kligt avancerat ett barn \u00e4r, desto b\u00e4ttre kan barnet organisera och beskriva sina minnen. Dessa tidiga minnen kan dock vara vaga och baserade p\u00e5 fragment av upplevelser snarare \u00e4n tydliga, detaljerade \u00e5terber\u00e4ttelser eller redog\u00f6relser.<\/p>\n<p>Generellt kan barn b\u00f6rja utveckla mer stabila och \u00e5terkallande minnen vid omkring 3-4 \u00e5rs \u00e5lder. Enligt nutida r\u00e4ttsliga riktlinjer h\u00e5lls d\u00e4rf\u00f6r inte f\u00f6rh\u00f6r med barn f\u00f6rr\u00e4n i den \u00e5ldern.<\/p>\n<p>Vid 3-4 \u00e5rs \u00e5lder eller \u00e4ldre f\u00f6rsvinner de tidigaste minnena, vilket medf\u00f6r att \u00e4ldre barn och vuxna inte l\u00e4ngre minns sina tidigaste levnads\u00e5r. Det kallas barndomsamnesi eller infantil amnesi*. Det \u00e4r stor variation mellan olika individer vid vilken \u00e5lder amnesin intr\u00e4ffar.<\/p>\n<p>Att vi som vuxna inte minns v\u00e5ra f\u00f6rsta levnads\u00e5r kan vara en anledning till att man tidigare trodde att sm\u00e5 barn inte minns n\u00e5got.<\/p>\n<hr \/>\n<hr \/>\n<hr \/>\n<p>*)<br \/>\n&#8211; Studie av Carole Peterson m.fl: \u201d<a href=\"https:\/\/www.academia.edu\/19768142\/Infantile_Amnesia_Across_the_Years_A_2_Year_Follow_up_of_Children_s_Earliest_Memories\" target=\"_blank\" rel=\"noopener\">Infantile Amnesia Across the Years: A 2\u2010Year Follow\u2010up of Children\u2019s Earliest Memories<\/a>\u201d (pdf-fil, 2011).<br \/>\n&#8211; Artikel med Mikael Heimann: &#8221;<a href=\"https:\/\/www.svd.se\/a\/aa6e04c6-c807-3b50-bc01-bb71b53fcf4a\/spadbarn-minns-mer-an-vi-trott\" target=\"_blank\" rel=\"noopener\">Sp\u00e4dbarn minns mer \u00e4n vi trott<\/a>&#8221; (Svd, 2012-08-06).<br \/>\n&#8211; Svenska v\u00e5rdguiden, om &#8221;<a href=\"https:\/\/www.1177.se\/barn--gravid\/sa-vaxer-och-utvecklas-barn\/barnets-utveckling\/barnets-utveckling-1-2-ar\/\" target=\"_blank\" rel=\"noopener\">Barnets utveckling 1-2 \u00e5r<\/a>&#8221; (2024-09-02).<br \/>\n&#8211; Inl\u00e4gg om barndomsamnesi: &#8221;<a href=\"https:\/\/mysterium24.se\/?p=3688\">Minnet hos barn och vuxna<\/a>&#8221;. (2018).<\/p>\n<p>I vissa k\u00e4llor j\u00e4mst\u00e4lls barndomsamnesi med infantil amnesi. I andra k\u00e4llor uppges infantil amnesi vara den gl\u00f6mska som uppst\u00e5r hos barn upp till cirka 2 \u00e5r, t.ex. n\u00e4r minnet av en h\u00e4ndelse f\u00f6rsvinner efter n\u00e5gra m\u00e5nader hos ett 12-m\u00e5naders barn. Och barndomsamnesi \u00e4r d\u00e5 barn 3-4 \u00e5r eller \u00e4ldre gl\u00f6mmer tidigare h\u00e4ndelser.<\/p>\n<hr \/>\n<hr \/>\n<p style=\"text-align: right;\"><span style=\"color: #808080;\">Bild \u00f6verst, flicka, av<\/span> &#8221;<a href=\"https:\/\/pixabay.com\/users\/loaivat-22300645\/\" target=\"_blank\" rel=\"noopener\">Loaivat<\/a>&#8221;.<\/p>\n","protected":false},"excerpt":{"rendered":"<p>F\u00f6r vissa vuxna kan det komma som en diabolisk \u00f6verraskning att sm\u00e5 barn i 1-3-\u00e5rs\u00e5ldern kan minnas h\u00e4ndelser, t.ex. om den vuxne gjort dumma saker mot barnet i tron att sm\u00e5 barn saknar minnesf\u00f6rm\u00e5ga. Att barn i \u00e5ldern 2 till 3 \u00e5r kan minnas och tala om tidigare h\u00e4ndelser i sina liv framg\u00e5r bland annat [&hellip;]<\/p>\n","protected":false},"author":1,"featured_media":0,"comment_status":"closed","ping_status":"closed","sticky":false,"template":"","format":"standard","meta":{"footnotes":""},"categories":[22,21],"tags":[],"class_list":["post-6150","post","type-post","status-publish","format-standard","hentry","category-catrine-da-costa-fallet","category-ovrigt"],"_links":{"self":[{"href":"https:\/\/mysterium24.se\/index.php?rest_route=\/wp\/v2\/posts\/6150","targetHints":{"allow":["GET"]}}],"collection":[{"href":"https:\/\/mysterium24.se\/index.php?rest_route=\/wp\/v2\/posts"}],"about":[{"href":"https:\/\/mysterium24.se\/index.php?rest_route=\/wp\/v2\/types\/post"}],"author":[{"embeddable":true,"href":"https:\/\/mysterium24.se\/index.php?rest_route=\/wp\/v2\/users\/1"}],"replies":[{"embeddable":true,"href":"https:\/\/mysterium24.se\/index.php?rest_route=%2Fwp%2Fv2%2Fcomments&post=6150"}],"version-history":[{"count":0,"href":"https:\/\/mysterium24.se\/index.php?rest_route=\/wp\/v2\/posts\/6150\/revisions"}],"wp:attachment":[{"href":"https:\/\/mysterium24.se\/index.php?rest_route=%2Fwp%2Fv2%2Fmedia&parent=6150"}],"wp:term":[{"taxonomy":"category","embeddable":true,"href":"https:\/\/mysterium24.se\/index.php?rest_route=%2Fwp%2Fv2%2Fcategories&post=6150"},{"taxonomy":"post_tag","embeddable":true,"href":"https:\/\/mysterium24.se\/index.php?rest_route=%2Fwp%2Fv2%2Ftags&post=6150"}],"curies":[{"name":"wp","href":"https:\/\/api.w.org\/{rel}","templated":true}]}}