{"id":6253,"date":"2025-12-18T19:35:35","date_gmt":"2025-12-18T18:35:35","guid":{"rendered":"https:\/\/mysterium24.se\/?p=6253"},"modified":"2025-12-26T22:36:28","modified_gmt":"2025-12-26T21:36:28","slug":"skandiamannen-inte-langre-misstankt-chefsaklagare-overkord-av-overaklagare","status":"publish","type":"post","link":"https:\/\/mysterium24.se\/?p=6253","title":{"rendered":"Skandiamannen inte l\u00e4ngre misst\u00e4nkt, chefs\u00e5klagare \u00f6verk\u00f6rd av \u00f6ver\u00e5klagare"},"content":{"rendered":"<p><img loading=\"lazy\" decoding=\"async\" class=\"aligncenter size-full wp-image-4633\" src=\"https:\/\/mysterium24.se\/wp-content\/uploads\/2016\/01\/op-kulorna_500.jpg\" alt=\"\" width=\"500\" height=\"257\" \/><\/p>\n<p><strong>I juni 2020 f\u00f6rs\u00f6kte chefs\u00e5klagaren och fixaren Krister Peeetersson befria svenska folket fr\u00e5n det p\u00e5st\u00e5dda m\u00e5ng\u00e5riga trauma som det ol\u00f6sta Palmemordet 1986 p\u00e5st\u00e5s ha \u00e5samkat medborgarna.<br \/>\n<\/strong>Detta gjorde Petersson p\u00e5 en presstr\u00e4ff genom att presentera kreativa svar p\u00e5 fr\u00e5gan vem som m\u00f6rdade statsminister Olof Palme, och d\u00e4refter f\u00f6rs\u00f6ka f\u00e5 den extremt l\u00e5ngdragna Palmeutredningen att f\u00f6rsvinna fr\u00e5n det allm\u00e4nna medvetandet.<br \/>\nN\u00e5gra m\u00e5nader innan presstr\u00e4ffen hade Petersson hintat att han hade en l\u00f6sning p\u00e5 mordet.<\/p>\n<p>P\u00e5 mycket svaga grunder pekade Petersson ut Stig Engstr\u00f6m &#8221;Skandiamannen&#8221; som sk\u00e4ligen misst\u00e4nkt f\u00f6r mordet, som att ingen annan kunde misst\u00e4nkas, och konstaterade att Engstr\u00f6m \u00e4r avliden och att inga fler utrednings\u00e5tg\u00e4rder kan utf\u00f6ras. Dvs att Palmeutredningen l\u00e4ggs ned med motiveringen &#8221;misst\u00e4nkt avliden&#8221;, att utredningen d\u00e4rmed aldrig skulle kunna \u00e5terupptas.<\/p>\n<p>\u00c5ret d\u00e4rp\u00e5 riktade JO stark kritik* mot Petersson f\u00f6r hans agerande vid presstr\u00e4ffen.<\/p>\n<h2>\u00c5r 2025<\/h2>\n<p>Nu, flera \u00e5r senare, tr\u00e4der en r\u00e4ttsligt tyngre akt\u00f6r in p\u00e5 scenen, \u00f6ver\u00e5klagaren Lennart Gun\u00e9, och sopar bort chefs\u00e5klagaren Peterssons traumafix fr\u00e5n 2020. Anledningen uppges vara att en journalist beg\u00e4rde \u00f6verpr\u00f6vning av Peterssons nedl\u00e4ggningsbeslut. Motiveringen till beg\u00e4ran var att modern dna-analys av Olof Palmes rock kanske skulle ge ny bevisning.<\/p>\n<p>Det g\u00e5r dock inte att \u00e5teruppta den nedlagda polisutredningen s\u00e5 l\u00e4nge den \u00e4r nedlagd enligt Peterssons fix. D\u00e4rf\u00f6r m\u00e5ste motiveringen till nedl\u00e4ggningen \u00e4ndras, vilket Gun\u00e9 nu har gjort. Den nya motiveringen lyder:<\/p>\n<p style=\"padding-left: 40px;\"><em>&#8221;P\u00e5 det utredningsmaterial som nu f\u00f6religger g\u00e5r det inte att bevisa vem som \u00e4r g\u00e4rningsman och ytterligare utredning kan inte antas f\u00f6r\u00e4ndra bevisl\u00e4get p\u00e5 ett avg\u00f6rande s\u00e4tt.&#8221;<\/em><\/p>\n<p>Skandiamannen Stig Engstr\u00f6m pekas inte l\u00e4ngre ut som misst\u00e4nkt m\u00f6rdare. (Inte heller utesluts han, kanske till tr\u00f6st f\u00f6r Petersson och anh\u00e4ngare).<br \/>\nGun\u00e9 beslutar ocks\u00e5 att utredningen inte skall \u00e5terupptas f\u00f6r den beg\u00e4rda dna-analysen eftersom:<\/p>\n<p style=\"padding-left: 40px;\"><em>&#8221;utsikterna att f\u00e5 en tr\u00e4ff mot person och d\u00e4rigenom driva utredningen fram\u00e5t bed\u00f6ms vara synnerligen sm\u00e5.<\/em><br \/>\n<em>Det handlar b\u00e5de om sannolikheten f\u00f6r att dna-rester p\u00e5 rocken \u00f6ver huvud taget kommer fr\u00e5n g\u00e4rningsmannen, som avsaknaden av dna-profiler fr\u00e5n n\u00e5gra nu levande potentiellt misst\u00e4nkta personer att j\u00e4mf\u00f6ra med.&#8221;<br \/>\n<\/em><\/p>\n<p>Flera eller m\u00e5nga kan ha varit i ber\u00f6ring med Palmes rock b\u00e5de f\u00f6re, under och efter mordkv\u00e4llen den 28 februari 1986.<\/p>\n<hr \/>\n<p>Sammantaget inneb\u00e4r detta att <strong>den nedlagda Palmeutredningen (f\u00f6runders\u00f6kningen) kan komma att \u00e5terupptas, om det i framtiden dyker upp uppgifter<\/strong> som bed\u00f6ms ge f\u00f6ruts\u00e4ttningar att leda till \u00e5tal och dom.<\/p>\n<p>Lennart Gun\u00e9 skriver f\u00f6ljande i sitt beslut*, som h\u00e4r visas i sin helhet (kopia av beslutet):<\/p>\n<hr \/>\n<p>&#8221;\u00c5klagarmyndigheten. 2025-12-18. \u00c4rende AMR-8123-25.<\/p>\n<p><strong>B<\/strong><strong>eslut i \u00f6verpr\u00f6vnings\u00e4rende<br \/>\n<\/strong><em>Riksenheten mot internationell och organiserad brottslighet<\/em>,\u00a0<em>\u00e4rende AM-26929-17<\/em><\/p>\n<p><strong>Beslut<br \/>\n<\/strong>\u00c5klagarens beslut \u00e4ndras inte p\u00e5 annat s\u00e4tt \u00e4n betr\u00e4ffande beslutsmotiveringen.<\/p>\n<p><strong>Bakgrund<br \/>\n<\/strong>Chefs\u00e5klagaren Krister Petersson beslutade den 10 juni 2020 att l\u00e4gga ned den f\u00f6runders\u00f6kning som hade inletts f\u00f6r utredning av mordet den 28 februari\u00a01986 p\u00e5 statsminister Olof Palme. Den n\u00e4rmare motiveringen f\u00f6r beslutet var att den misst\u00e4nkte har avlidit.<\/p>\n<p>Jag har vid flera tillf\u00e4llen tagit st\u00e4llning till beg\u00e4ran om \u00f6verpr\u00f6vning av chefs\u00e5klagarens beslut. Det f\u00f6rsta beslutet fattades den 30 september 2020. Detta beslut, och de efterf\u00f6ljande, har inneburit att jag p\u00e5 formella grunder inte har tagit upp \u00e4rendet till granskning. I den m\u00e5n mina beslut har beg\u00e4rts \u00f6verpr\u00f6vade har riks\u00e5klagaren inte sett sk\u00e4l att \u00e4ndra besluten.<\/p>\n<p><strong>Aktuell beg\u00e4ran om \u00f6verpr\u00f6vning<br \/>\n<\/strong>En journalist har nu beg\u00e4rt \u00f6verpr\u00f6vning av beslutet att l\u00e4gga ned f\u00f6runders\u00f6kningen. Han har pekat p\u00e5 m\u00f6jligheten att med modern forensisk teknik f\u00e5 fram ny bevisning genom ny dna-analys av prover fr\u00e5n Olof Palmes rock. Framst\u00e4llningen \u00e4r konkret och v\u00e4cker fr\u00e5gan om det finns grund f\u00f6r att vidta s\u00e5dana utrednings\u00e5tg\u00e4rder.<\/p>\n<p><strong>Granskning av misstankarna mot Stig Engstr\u00f6m<br \/>\n<\/strong>Beslutet \u00e5r 2020 att l\u00e4gga ned f\u00f6runders\u00f6kningen motiveras med att den misst\u00e4nkte \u00e4r avliden. Beslutet \u00e4r kortfattat, men av den samma dag genomf\u00f6rda presskonferensen framg\u00e5r p\u00e5 vilka grunder som Stig Engstr\u00f6m, vid tiden f\u00f6r brottet anst\u00e4lld vid Skandia, misst\u00e4nks vara den ensamma g\u00e4rningsman som bringat statsministern om livet. Det framg\u00e5r ocks\u00e5 att det \u00e4r Stig Engstr\u00f6ms d\u00f6d som ligger till grund f\u00f6r beslutsmotiveringen.<\/p>\n<p>\u00c5tg\u00e4rder av det slag som journalisten nu har f\u00f6reslagit f\u00f6ruts\u00e4tter att f\u00f6runders\u00f6kningen \u00e5terupptas. Det \u00e4r dock inte m\u00f6jligt s\u00e5 l\u00e4nge som Stig Engstr\u00f6ms d\u00f6d utg\u00f6r sk\u00e4let f\u00f6r att f\u00f6runders\u00f6kningen \u00e4r nedlagd; med honom som utpekad g\u00e4rningsman finns det inga f\u00f6ruts\u00e4ttningar f\u00f6r att leda en \u00e5terupptagen f\u00f6runders\u00f6kning till \u00e5tal och dom.<\/p>\n<p>Jag beslutade d\u00e4rf\u00f6r att upp \u00e4rendet till granskning till den del den avser misstankarna mot Stig Engstr\u00f6m. Jag har granskat de omst\u00e4ndigheter och utsagor som ansetts belasta Stig Engstr\u00f6m. Jag har ocks\u00e5 tagit del av omst\u00e4ndigheter som talar emot att Stig Engstr\u00f6m \u00e4r g\u00e4rningsman vid d\u00e5det.<\/p>\n<p>Min granskning har avsett de uppgifter som f\u00f6runders\u00f6kningen inneh\u00e5ller i nu n\u00e4mnda delar, men jag har ocks\u00e5 l\u00e4st en del av de b\u00f6cker som pekat ut respektive avvisat Stig Engstr\u00f6m som g\u00e4rningsman.<\/p>\n<p><em>M<\/em><em>in bed\u00f6mning<br \/>\n<\/em>Ett antagande om att Stig Engstr\u00f6m \u00e4r g\u00e4rningsman \u00e4r of\u00f6renligt med Lisbeth Palmes utpekande av Christer Pettersson, som inte \u00e4r utseendem\u00e4ssigt f\u00f6rv\u00e4xlingsbar med Stig Engstr\u00f6m. Ett s\u00e5dant antagande \u00e4r ocks\u00e5 of\u00f6renligt med vittnesuppgiften om att g\u00e4rningsmannen under en tid st\u00e5tt och v\u00e4ntat p\u00e5 makarna Palme vid Dekorima-h\u00f6rnet.<\/p>\n<p>Stig Engstr\u00f6m som g\u00e4rningsman \u00e4r d\u00e4rut\u00f6ver sv\u00e5rf\u00f6renligt med de uppgifter som finns om n\u00e4r han l\u00e4mnade Skandiahuset, och s\u00e5ledes om han haft tidsm\u00e4ssigt utrymme att f\u00f6r\u00f6va g\u00e4rningen.<\/p>\n<p>Till det kommer att det \u00e4r of\u00f6rklarat<\/p>\n<ul>\n<li>om och i s\u00e5 fall hur han kunnat veta att makarna Palme skulle befinna sig utanf\u00f6r Skandiahuset just d\u00e5<\/li>\n<li>p\u00e5 vilket s\u00e4tt han f\u00f6rfogat \u00f6ver den typ av vapen som anv\u00e4ndes<\/li>\n<li>varf\u00f6r han bar p\u00e5 sig ett s\u00e5dant vapen i skarpladdat skick d\u00e5 han l\u00e4mnade Skandiahuset<\/li>\n<li>vilka motiv han haft f\u00f6r att bringa Olof Palme om livet.<\/li>\n<\/ul>\n<p>Jag har v\u00e4gt de omst\u00e4ndigheter som \u00e4r belastande f\u00f6r Stig Engstr\u00f6m och som redovisades vid presskonferensen i juni 2020 mot de f\u00f6rh\u00e5llanden som p\u00e5 olika s\u00e4tt talar i motsatt riktning. Jag kan ocks\u00e5 konstatera att de vittnesuppgifter och annat som st\u00f6djer ett antagande om att Stig Engstr\u00f6m \u00e4r g\u00e4rningsman i sig sj\u00e4lva \u00e4r beh\u00e4ftade med os\u00e4kerheter.<\/p>\n<p>Sammantaget \u00e4r det min bed\u00f6mning att den f\u00f6religgande bevisningen inte \u00e4r tillr\u00e4cklig f\u00f6r att ligga till grund f\u00f6r ett utpekande av Stig Engstr\u00f6m som g\u00e4rningsman. Beslutet att l\u00e4gga ned f\u00f6runders\u00f6kningen kan d\u00e4rf\u00f6r inte motiveras med att han \u00e4r avliden.<\/p>\n<p><strong>De beg\u00e4rda utrednings\u00e5tg\u00e4rderna<br \/>\n<\/strong>Jag har inom ramen f\u00f6r \u00f6verpr\u00f6vnings\u00e4rendet l\u00e5tit unders\u00f6ka f\u00f6ruts\u00e4ttningarna f\u00f6r att med modern teknik f\u00e5 fram ny bevisning fr\u00e5n den aktuella rocken. Jag har haft flera m\u00f6ten med Nationellt forensiskt centrum och kunnat konstatera att det idag finns annan teknik tillg\u00e4nglig j\u00e4mf\u00f6rt med vad som fanns vid tidpunkten f\u00f6r nedl\u00e4ggningsbeslutet.<\/p>\n<p><em>M<\/em><em>in bed\u00f6mning<br \/>\n<\/em>Utsikterna att f\u00e5 en tr\u00e4ff mot person och d\u00e4rigenom driva utredningen fram\u00e5t bed\u00f6ms vara synnerligen sm\u00e5. Det handlar b\u00e5de om sannolikheten f\u00f6r att dna-rester p\u00e5 rocken \u00f6ver huvud taget kommer fr\u00e5n g\u00e4rningsmannen, som avsaknaden av dna-profiler fr\u00e5n n\u00e5gra nu levande potentiellt misst\u00e4nkta personer att j\u00e4mf\u00f6ra med.<\/p>\n<p>Jag har d\u00e4rf\u00f6r funnit att jag inte har underlag att \u00e5teruppta f\u00f6runders\u00f6kningen f\u00f6r att g\u00f6ra f\u00f6rnyade analyser och provtagningar av Olof Palmes rock.<\/p>\n<p><strong>Sk\u00e4len f\u00f6r mitt beslut<br \/>\n<\/strong>Det har nu snart g\u00e5tt 40 \u00e5r sedan mordet p\u00e5 Olof Palme. F\u00f6runders\u00f6kningen bedrevs aktivt i 34 \u00e5r och f\u00f6ljde en l\u00e5ng rad sp\u00e5r. Det finns i dag inte n\u00e5gra f\u00f6r mig k\u00e4nda omst\u00e4ndigheter som har f\u00f6ruts\u00e4ttningar att leda en \u00e5terupptagen f\u00f6runders\u00f6kning till \u00e5tal och dom.<\/p>\n<p>Det finns s\u00e5ledes inte anledning att \u00e4ndra p\u00e5 Krister Peterssons beslut p\u00e5 annat s\u00e4tt \u00e4n betr\u00e4ffande motiveringen.<\/p>\n<p>F\u00f6runders\u00f6kningen ska s\u00e5ledes fortsatt vara nedlagd. Den nya beslutsmotiveringen lyder: P\u00e5 det utredningsmaterial som nu f\u00f6religger g\u00e5r det inte att bevisa vem som \u00e4r g\u00e4rningsman och ytterligare utredning kan inte antas f\u00f6r\u00e4ndra bevisl\u00e4get p\u00e5 ett avg\u00f6rande s\u00e4tt.<\/p>\n<p>Lennart Gun\u00e9, \u00f6ver\u00e5klagare.\u00a0 \u00a0 Maria Franz\u00e9n, f\u00f6redragande&#8221;<\/p>\n<p><span style=\"color: #999999;\"><em>&#8212; Slut p\u00e5 kopia av beslutet &#8212;<\/em><\/span><\/p>\n<hr \/>\n<p>\u00c4ven \u00f6ver\u00e5klagarens beslut kan \u00f6verpr\u00f6vas, av riks\u00e5klagaren (h\u00f6gsta instansen inom \u00e5klagarv\u00e4sendet), om det inkommer en s\u00e5dan beg\u00e4ran.<\/p>\n<hr \/>\n<hr \/>\n<hr \/>\n<p>K\u00e4llor:<br \/>\n\u00d6ver\u00e5klagare Gun\u00e9, pressmeddelande, 2025: <a href=\"https:\/\/www.aklagare.se\/for-media\/pressmeddelanden\/2025\/december\/pressinbjudan-beslut-i-overprovningsarende-i-palmeutredningen\/\" target=\"_blank\" rel=\"noopener\">www.aklagare.se\/..\/2025\/december\/pressinbjudan-beslut-i-overprovningsarende-i-palmeutredningen\/<\/a><br \/>\nGun\u00e9s beslut: <a href=\"https:\/\/www.aklagare.se\/globalassets\/dokument\/ovriga-dokument\/amr-8123-25-besluc-31-1-19.pdf\" target=\"_blank\" rel=\"noopener\">www.aklagare.se\/&#8230;\/amr-8123-25-besluc-31-1-19.pdf<\/a>\u00a0(pdf-fil, 18 december 2025).<\/p>\n<p>Om JO:s granskning, 2021: <a href=\"https:\/\/www.jo.se\/besluten\/jos-granskning-av-aklagarens-redovisning-vid-presstraffen-om-palmeutredningen\/\" target=\"_blank\" rel=\"noopener\">www.jo.se\/&#8230;\/jos-granskning-av-aklagarens-redovisning-vid-presstraffen-om-palmeutredningen\/<\/a><br \/>\nJOs beslut: <a href=\"https:\/\/www.jo.se\/app\/uploads\/resolve_pdfs\/1238100_6673-2020.pdf\" target=\"_blank\" rel=\"noopener\">www.jo.se\/&#8230;\/1238100_6673-2020.pdf<\/a> (2021-06-22, pdf-fil).<\/p>\n<p>\u00c5klagaren Krister Petersson ska inte f\u00f6rv\u00e4xlas med Christer Pettersson som d\u00f6mdes 1989 f\u00f6r mordet p\u00e5 Olof Palme, och n\u00e5gra m\u00e5nader senare friades i hovr\u00e4tten. Den Petterson \u00e4r den enda personen som har \u00e5talats i den \u00f6ver trettio \u00e5r l\u00e5nga utredningen av Palmemordet.<\/p>\n","protected":false},"excerpt":{"rendered":"<p>I juni 2020 f\u00f6rs\u00f6kte chefs\u00e5klagaren och fixaren Krister Peeetersson befria svenska folket fr\u00e5n det p\u00e5st\u00e5dda m\u00e5ng\u00e5riga trauma som det ol\u00f6sta Palmemordet 1986 p\u00e5st\u00e5s ha \u00e5samkat medborgarna. Detta gjorde Petersson p\u00e5 en presstr\u00e4ff genom att presentera kreativa svar p\u00e5 fr\u00e5gan vem som m\u00f6rdade statsminister Olof Palme, och d\u00e4refter f\u00f6rs\u00f6ka f\u00e5 den extremt l\u00e5ngdragna Palmeutredningen att f\u00f6rsvinna [&hellip;]<\/p>\n","protected":false},"author":1,"featured_media":0,"comment_status":"closed","ping_status":"closed","sticky":false,"template":"","format":"standard","meta":{"footnotes":""},"categories":[33],"tags":[],"class_list":["post-6253","post","type-post","status-publish","format-standard","hentry","category-8-olof-palme-fallet"],"_links":{"self":[{"href":"https:\/\/mysterium24.se\/index.php?rest_route=\/wp\/v2\/posts\/6253","targetHints":{"allow":["GET"]}}],"collection":[{"href":"https:\/\/mysterium24.se\/index.php?rest_route=\/wp\/v2\/posts"}],"about":[{"href":"https:\/\/mysterium24.se\/index.php?rest_route=\/wp\/v2\/types\/post"}],"author":[{"embeddable":true,"href":"https:\/\/mysterium24.se\/index.php?rest_route=\/wp\/v2\/users\/1"}],"replies":[{"embeddable":true,"href":"https:\/\/mysterium24.se\/index.php?rest_route=%2Fwp%2Fv2%2Fcomments&post=6253"}],"version-history":[{"count":0,"href":"https:\/\/mysterium24.se\/index.php?rest_route=\/wp\/v2\/posts\/6253\/revisions"}],"wp:attachment":[{"href":"https:\/\/mysterium24.se\/index.php?rest_route=%2Fwp%2Fv2%2Fmedia&parent=6253"}],"wp:term":[{"taxonomy":"category","embeddable":true,"href":"https:\/\/mysterium24.se\/index.php?rest_route=%2Fwp%2Fv2%2Fcategories&post=6253"},{"taxonomy":"post_tag","embeddable":true,"href":"https:\/\/mysterium24.se\/index.php?rest_route=%2Fwp%2Fv2%2Ftags&post=6253"}],"curies":[{"name":"wp","href":"https:\/\/api.w.org\/{rel}","templated":true}]}}