{"id":6262,"date":"2026-01-04T18:31:25","date_gmt":"2026-01-04T17:31:25","guid":{"rendered":"https:\/\/mysterium24.se\/?p=6262"},"modified":"2026-01-09T07:07:42","modified_gmt":"2026-01-09T06:07:42","slug":"olosta-mord-sverige-2022-1985-%d8%ac%d8%b1%d8%a7%d8%a6%d9%85-%d9%82%d8%aa%d9%84-%d8%ba%d9%8a%d8%b1-%d9%85%d8%ad%d9%84%d9%88%d9%84%d8%a9-%d9%81%d9%8a-%d8%a7%d9%84%d8%b3%d9%88%d9%8a%d8%af","status":"publish","type":"post","link":"https:\/\/mysterium24.se\/?p=6262","title":{"rendered":"Ol\u00f6sta mord, Sverige 2022-1985 (\u062c\u0631\u0627\u0626\u0645 \u0642\u062a\u0644 \u063a\u064a\u0631 \u0645\u062d\u0644\u0648\u0644\u0629 \u0641\u064a \u0627\u0644\u0633\u0648\u064a\u062f)"},"content":{"rendered":"<p><img loading=\"lazy\" decoding=\"async\" class=\"aligncenter wp-image-6270\" src=\"https:\/\/mysterium24.se\/wp-content\/uploads\/2026\/01\/brottsplats.jpg\" alt=\"\" width=\"300\" height=\"226\" \/><\/p>\n<p>H\u00e4r listas svenska polisens ouppklarade mord \u00e5ren 2022 till 1985, ett urval*.<br \/>\nListan inneh\u00e5ller drygt 160 kalla fall med personer som m\u00f6rdats eller f\u00f6rsvunnit, mestadels i s\u00f6dra delarna av landet.<br \/>\nDet \u00e4r polisens eget urval, det finns fler men &#8221;av olika sk\u00e4l publiceras inte alla kalla fall&#8221;.<\/p>\n<p style=\"padding-left: 40px;\">\u00d6versatt till arabiska:<br \/>\n\u0641\u064a\u0645\u0627 \u064a\u0644\u064a \u0642\u0627\u0626\u0645\u0629 \u0645\u062e\u062a\u0627\u0631\u0629 \u0645\u0646 \u062c\u0631\u0627\u0626\u0645 \u0627\u0644\u0642\u062a\u0644 \u0627\u0644\u062a\u064a \u0644\u0645 \u062a\u064f\u062d\u0644 \u0644\u062f\u0649 \u0627\u0644\u0634\u0631\u0637\u0629 \u0627\u0644\u0633\u0648\u064a\u062f\u064a\u0629 \u0628\u064a\u0646 \u0639\u0627\u0645\u064a 2022 \u06481985. \u062a\u0636\u0645 \u0627\u0644\u0642\u0627\u0626\u0645\u0629 \u0645\u0627 \u064a\u0632\u064a\u062f \u0642\u0644\u064a\u0644\u0627\u064b \u0639\u0646 160 \u0642\u0636\u064a\u0629 \u062c\u0646\u0627\u0626\u064a\u0629 \u0642\u062f\u064a\u0645\u0629 \u062a\u062a\u0639\u0644\u0642 \u0628\u0623\u0634\u062e\u0627\u0635 \u0642\u064f\u062a\u0644\u0648\u0627 \u0623\u0648 \u0627\u062e\u062a\u0641\u0648\u0627\u060c \u0645\u0639\u0638\u0645\u0647\u0645 \u0641\u064a \u0627\u0644\u0645\u0646\u0627\u0637\u0642 \u0627\u0644\u062c\u0646\u0648\u0628\u064a\u0629 \u0645\u0646 \u0627\u0644\u0628\u0644\u0627\u062f. \u0647\u0630\u0647 \u0627\u0644\u0642\u0627\u0626\u0645\u0629 \u0645\u062e\u062a\u0627\u0631\u0629 \u0645\u0646 \u0642\u0628\u0644 \u0627\u0644\u0634\u0631\u0637\u0629\u060c \u0648\u0647\u0646\u0627\u0643 \u0627\u0644\u0645\u0632\u064a\u062f \u0645\u0646 \u0627\u0644\u0642\u0636\u0627\u064a\u0627\u060c \u0648\u0644\u0643\u0646 &#8221;\u0644\u0623\u0633\u0628\u0627\u0628 \u0645\u062e\u062a\u0644\u0641\u0629\u060c \u0644\u0627 \u062a\u064f\u0646\u0634\u0631 \u062c\u0645\u064a\u0639 \u0627\u0644\u0642\u0636\u0627\u064a\u0627 \u0627\u0644\u0642\u062f\u064a\u0645\u0629&#8221;.<\/p>\n<p>De flesta fallen \u00e4r uppenbara mord, n\u00e5gra \u00e4r f\u00f6rsvinnanden utan fysiska sp\u00e5r efter brott men d\u00e4r polisen \u00e4nd\u00e5 misst\u00e4nker mord.<br \/>\nL\u00e4nkarna &gt;&gt;&gt; visar mer uppgifter (hos polisens sidor).<\/p>\n<h2><img loading=\"lazy\" decoding=\"async\" class=\"alignnone wp-image-5448 size-full\" src=\"https:\/\/mysterium24.se\/wp-content\/uploads\/2016\/12\/flagga.png\" alt=\"\" width=\"60\" height=\"38\" \/> Svenska polisens kalla fall 2022-1985 (polisens urval):<\/h2>\n<ul>\n<li>2022 &#8211; <strong>Naqibulla Amiri<\/strong> &#8212; skjuten till d\u00f6ds i Malm\u00f6. <a href=\"https:\/\/polisen.se\/aktuellt\/kalla-fall\/2024\/augusti\/naqibulla-amiri---malmo\/\" target=\"_blank\" rel=\"noopener\">&gt;&gt;&gt;<\/a><\/li>\n<li>2020 &#8211; <strong>Ubaidah Othman<\/strong> &#8212; knivhuggen till d\u00f6ds i Landskrona. <a href=\"https:\/\/polisen.se\/aktuellt\/kalla-fall\/2024\/juli\/ubaidah-othman---landskrona\/\" target=\"_blank\" rel=\"noopener\">&gt;&gt;&gt;<\/a><\/li>\n<li>2020 &#8211; <strong>Mahmoud Hourani<\/strong> &#8212; skjuten till d\u00f6ds i Landskrona. <a href=\"https:\/\/polisen.se\/aktuellt\/kalla-fall\/2024\/juni\/mahmoud-hourani---landskrona\/\" target=\"_blank\" rel=\"noopener\">&gt;&gt;&gt;<\/a><\/li>\n<li>2019 &#8211; <strong>Besnik Frangu<\/strong> &#8212; skjuten till d\u00f6ds i Helsingborg. <a href=\"https:\/\/polisen.se\/aktuellt\/kalla-fall\/2024\/juli\/besnik-frangu---helsingborg\/\" target=\"_blank\" rel=\"noopener\">&gt;&gt;&gt;<\/a><\/li>\n<li>2019 &#8211; <strong>Mohamad Ajine<\/strong> &#8212; skjuten till d\u00f6ds i Helsingborg. <a href=\"https:\/\/polisen.se\/aktuellt\/kalla-fall\/2024\/juli\/mohamad-ajine---helsingborg\/\" target=\"_blank\" rel=\"noopener\">&gt;&gt;&gt;<\/a><\/li>\n<li>2019 &#8211; <strong>Mohamed Nesajer<\/strong> &#8212; skjuten till d\u00f6ds i Malm\u00f6. <a href=\"https:\/\/polisen.se\/aktuellt\/kalla-fall\/2024\/juli\/mohamed-nesajer---malmo\/\" target=\"_blank\" rel=\"noopener\">&gt;&gt;&gt;<\/a><\/li>\n<li>2019 &#8211; <strong>Jaafar Mohammad Ibrahim<\/strong> &#8212; skjuten till d\u00f6ds i Malm\u00f6. <a href=\"https:\/\/polisen.se\/aktuellt\/kalla-fall\/2024\/juni\/jaffar-mohammad-ibrahim---malmo\/\" target=\"_blank\" rel=\"noopener\">&gt;&gt;&gt;<\/a><\/li>\n<li>2019 &#8211; <strong>Achraf Tofigh<\/strong> &#8212; skjuten till d\u00f6ds i Malm\u00f6. <a href=\"https:\/\/polisen.se\/aktuellt\/kalla-fall\/2024\/maj\/achraf-tofigh---malmo\/\" target=\"_blank\" rel=\"noopener\">&gt;&gt;&gt;<\/a><\/li>\n<li>2018 &#8211; <strong>Hootan Ghara Mohammadi<\/strong> &#8212; skjuten till d\u00f6ds i Malm\u00f6. <a href=\"https:\/\/polisen.se\/aktuellt\/kalla-fall\/2024\/augusti\/hootan-ghara-mohammadi---malmo\/\" target=\"_blank\" rel=\"noopener\">&gt;&gt;&gt;<\/a><\/li>\n<li>2018 &#8211; <strong>Dilman Salim Ali Alali<\/strong> &#8212; misshandlad till d\u00f6ds i Helsingborg. <a href=\"https:\/\/polisen.se\/aktuellt\/kalla-fall\/2024\/juli\/dilman-salim-ali-alali---helsingborg\/\" target=\"_blank\" rel=\"noopener\">&gt;&gt;&gt;<\/a><\/li>\n<li>2018 &#8211; <strong>Zakaria El Khayyati<\/strong> &#8212; skjuten till d\u00f6ds i Malm\u00f6. <a href=\"https:\/\/polisen.se\/aktuellt\/kalla-fall\/2024\/juli\/zakaria-el-khayyati---malmo\/\" target=\"_blank\" rel=\"noopener\">&gt;&gt;&gt;<\/a><\/li>\n<li>2018 &#8211; <strong>Doalfikar Mekawi Salim<\/strong> &#8212; skjuten till d\u00f6ds i Malm\u00f6. <a href=\"https:\/\/polisen.se\/aktuellt\/kalla-fall\/2024\/juli\/doalfikar-mekawi-salim---malmo\/\" target=\"_blank\" rel=\"noopener\">&gt;&gt;&gt;<\/a><\/li>\n<li>2018 &#8211; <strong>Saleh Hadri<\/strong> &#8212; skjuten till d\u00f6ds i Malm\u00f6. <a href=\"https:\/\/polisen.se\/aktuellt\/kalla-fall\/2024\/juni\/saleh-hadri---malmo\/\" target=\"_blank\" rel=\"noopener\">&gt;&gt;&gt;<\/a><\/li>\n<li>2017 &#8211; <strong>Cesar Camilo Mejia Osorio<\/strong> &#8212; f\u00f6rsvunnen i \u00c5kersberga. <a href=\"https:\/\/polisen.se\/aktuellt\/kalla-fall\/2025\/april\/cesar-camilo-osorio-forsvunnen-i-akersberga-2017\/\" target=\"_blank\" rel=\"noopener\">&gt;&gt;&gt;<\/a><\/li>\n<li>2017 &#8211; <strong>Ibrahim Badawi<\/strong> &#8212; skjuten till d\u00f6ds i Malm\u00f6. <a href=\"https:\/\/polisen.se\/aktuellt\/kalla-fall\/2024\/maj\/ibrahim-badawi---malmo\/\" target=\"_blank\" rel=\"noopener\">&gt;&gt;&gt;<\/a><\/li>\n<li>2017 &#8211; <strong>Esmail Abdulhadi Mohammed<\/strong> &#8212; skjuten till d\u00f6ds i B\u00e5rsl\u00f6v. <a href=\"https:\/\/polisen.se\/aktuellt\/kalla-fall\/2024\/maj\/esmail-abdulhadi-mohammed---barslov\/\" target=\"_blank\" rel=\"noopener\">&gt;&gt;&gt;<\/a><\/li>\n<li>2017 &#8211; <strong>Gheorghita Nastase<\/strong> &#8212; m\u00f6rdad i Malm\u00f6. <a href=\"https:\/\/polisen.se\/aktuellt\/kalla-fall\/2020\/december\/gheorghita-nastase\/\" target=\"_blank\" rel=\"noopener\">&gt;&gt;&gt;<\/a><\/li>\n<li>2017 &#8211; <strong>Youssef Sadaka<\/strong> &#8212; m\u00f6rdad i Helsingborg. <a href=\"https:\/\/polisen.se\/aktuellt\/kalla-fall\/2019\/augusti\/youssef-sadaka\/\" target=\"_blank\" rel=\"noopener\">&gt;&gt;&gt;<\/a><\/li>\n<li>2017 &#8211; <strong>Sivan Saadi<\/strong> &#8212; m\u00f6rdad i Helsingborg. <a href=\"https:\/\/polisen.se\/aktuellt\/kalla-fall\/2019\/augusti\/sivan-saadi\/\" target=\"_blank\" rel=\"noopener\">&gt;&gt;&gt;<\/a><\/li>\n<li>2016 &#8211; <strong>Abdullah Khalifeh<\/strong> &#8212; skjuten till d\u00f6ds i Malm\u00f6. <a href=\"https:\/\/polisen.se\/aktuellt\/kalla-fall\/2024\/augusti\/abdullah-khalifeh---malmo\/\" target=\"_blank\" rel=\"noopener\">&gt;&gt;&gt;<\/a><\/li>\n<li>2016 &#8211; <strong>Robin Cortas<\/strong> &#8212; skjuten till d\u00f6ds i Helsingborg. <a href=\"https:\/\/polisen.se\/aktuellt\/kalla-fall\/2024\/augusti\/robin-cortas---helsingborg\/\" target=\"_blank\" rel=\"noopener\">&gt;&gt;&gt;<\/a><\/li>\n<li>2016 &#8211; <strong>Hassan Al-Zein<\/strong> &#8212; bragd om livet i Malm\u00f6. <a href=\"https:\/\/polisen.se\/aktuellt\/kalla-fall\/2024\/juli\/hassan-al-zein---malmo\/\" target=\"_blank\" rel=\"noopener\">&gt;&gt;&gt;<\/a><\/li>\n<li>2016 &#8211; <strong>Maria Hellman<\/strong> &#8212; funnen d\u00f6d i Landskrona. <a href=\"https:\/\/polisen.se\/aktuellt\/kalla-fall\/2024\/juli\/maria-hellman---landskrona\/\" target=\"_blank\" rel=\"noopener\">&gt;&gt;&gt;<\/a><\/li>\n<li>2016 &#8211; <strong>Alaa Al-Hasnawi<\/strong> &#8212; bragd om livet i Malm\u00f6. <a href=\"https:\/\/polisen.se\/aktuellt\/kalla-fall\/2024\/juni\/alaa-al-hasnawi---malmo\/\" target=\"_blank\" rel=\"noopener\">&gt;&gt;&gt;<\/a><\/li>\n<li>2016 &#8211; <strong>Jinan Al-Daghiree<\/strong> &#8212; antr\u00e4ffad d\u00f6d utanf\u00f6r B\u00e5rsl\u00f6v. <a href=\"https:\/\/polisen.se\/aktuellt\/kalla-fall\/2024\/juni\/jinan-al-daghiree---barslov\/\" target=\"_blank\" rel=\"noopener\">&gt;&gt;&gt;<\/a><\/li>\n<li>2016 &#8211; <strong>Rami Amin<\/strong> &#8212; skjuten till d\u00f6ds i Malm\u00f6. <a href=\"https:\/\/polisen.se\/aktuellt\/kalla-fall\/2024\/maj\/rami-amin---malmo\/\" target=\"_blank\" rel=\"noopener\">&gt;&gt;&gt;<\/a><\/li>\n<li>2016 &#8211; <strong>Nermin Karamehmedovic<\/strong> &#8212; m\u00f6rdad i Malm\u00f6. <a href=\"https:\/\/polisen.se\/aktuellt\/kalla-fall\/2020\/december\/nermin-karamehmedovic\/\" target=\"_blank\" rel=\"noopener\">&gt;&gt;&gt;<\/a><\/li>\n<li>2016 &#8211; <strong>Hussein Hajjar<\/strong> &#8212; m\u00f6rdad i Landskrona. <a href=\"https:\/\/polisen.se\/aktuellt\/kalla-fall\/2019\/augusti\/hussein-hajjar\/\" target=\"_blank\" rel=\"noopener\">&gt;&gt;&gt;<\/a><\/li>\n<li>2016 &#8211; <strong>Jacob Tillman<\/strong> &#8212; hittad i H\u00f6rby. <a href=\"https:\/\/polisen.se\/aktuellt\/kalla-fall\/2019\/juni\/jacob-tillman\/\" target=\"_blank\" rel=\"noopener\">&gt;&gt;&gt;<\/a><\/li>\n<li>2016 &#8211; <strong>Georgios Katakos<\/strong> &#8212; m\u00f6rdad i Malm\u00f6. <a href=\"https:\/\/polisen.se\/aktuellt\/kalla-fall\/2019\/februari\/georgios-katakos\/\" target=\"_blank\" rel=\"noopener\">&gt;&gt;&gt;<\/a><\/li>\n<li>2016 &#8211; <strong>Said Hassan-Salad<\/strong> &#8212; m\u00f6rdad i Malm\u00f6. <a href=\"https:\/\/polisen.se\/aktuellt\/kalla-fall\/2019\/februari\/said-hassan-salad\/\" target=\"_blank\" rel=\"noopener\">&gt;&gt;&gt;<\/a><\/li>\n<li>2016 &#8211; <strong>Qendrim Bajramaj<\/strong> &#8212; m\u00f6rdad i Malm\u00f6. <a href=\"https:\/\/polisen.se\/aktuellt\/kalla-fall\/2019\/februari\/qendrim-bajramaj\/\" target=\"_blank\" rel=\"noopener\">&gt;&gt;&gt;<\/a><\/li>\n<li>2015 &#8211; <strong>Vuk Danilo T\u00f6rner<\/strong> &#8212; skjuten till d\u00f6ds i Malm\u00f6. <a href=\"https:\/\/polisen.se\/aktuellt\/kalla-fall\/2024\/juli\/vuk-danilo-torner---malmo\/\" target=\"_blank\" rel=\"noopener\">&gt;&gt;&gt;<\/a><\/li>\n<li>2015 &#8211; <strong>Ashkan Moayed Abedi<\/strong> &#8212; m\u00f6rdad i Malm\u00f6. <a href=\"https:\/\/polisen.se\/aktuellt\/kalla-fall\/2020\/december\/ashkan-moayed-abedi\/\" target=\"_blank\" rel=\"noopener\">&gt;&gt;&gt;<\/a><\/li>\n<li>2015 &#8211; <strong>Ludvig Rogan<\/strong> &#8212; m\u00f6rdad Lundav\u00e4gen Arl\u00f6v. <a href=\"https:\/\/polisen.se\/aktuellt\/kalla-fall\/2020\/december\/ludvig-rogan\/\" target=\"_blank\" rel=\"noopener\">&gt;&gt;&gt;<\/a><\/li>\n<li>2015 &#8211; <strong>Roger Svensson<\/strong> &#8212; m\u00f6rdad i Malm\u00f6. <a href=\"https:\/\/polisen.se\/aktuellt\/kalla-fall\/2019\/februari\/roger-svensson\/\" target=\"_blank\" rel=\"noopener\">&gt;&gt;&gt;<\/a><\/li>\n<li>2015 &#8211; <strong>Ruhan Brahimi<\/strong> &#8212; m\u00f6rdad i Helsingborg. <a href=\"https:\/\/polisen.se\/aktuellt\/kalla-fall\/2019\/februari\/ruhan-brahimi\/\" target=\"_blank\" rel=\"noopener\">&gt;&gt;&gt;<\/a><\/li>\n<li>2015 &#8211; <strong>Shkembim Bajramaj<\/strong> &#8212; m\u00f6rdad i Malm\u00f6. <a href=\"https:\/\/polisen.se\/aktuellt\/kalla-fall\/2019\/februari\/shkembim-bajramaj\/\" target=\"_blank\" rel=\"noopener\">&gt;&gt;&gt;<\/a><\/li>\n<li>2015 &#8211; <strong>Elvis Selimotic<\/strong> &#8212; m\u00f6rdad i Malm\u00f6. <a href=\"https:\/\/polisen.se\/aktuellt\/kalla-fall\/2018\/december\/elvis-selimotiv\/\" target=\"_blank\" rel=\"noopener\">&gt;&gt;&gt;<\/a><\/li>\n<li>2015 &#8211; <strong>Nafea Lachin<\/strong> &#8212; m\u00f6rdad i Ystad. <a href=\"https:\/\/polisen.se\/aktuellt\/kalla-fall\/2018\/december\/nafea-lachin\/\" target=\"_blank\" rel=\"noopener\">&gt;&gt;&gt;<\/a><\/li>\n<li>2014 &#8211; <strong>Andjelo Biscan<\/strong> &#8212; m\u00f6rdad i Skurup. <a href=\"https:\/\/polisen.se\/aktuellt\/kalla-fall\/2019\/augusti\/andjelo-biscan\/\" target=\"_blank\" rel=\"noopener\">&gt;&gt;&gt;<\/a><\/li>\n<li>2014 &#8211; <strong>Kadmir Dzafic<\/strong> &#8212; m\u00f6rdad i Malm\u00f6. <a href=\"https:\/\/polisen.se\/aktuellt\/kalla-fall\/2019\/februari\/kadmir-dzafic\/\" target=\"_blank\" rel=\"noopener\">&gt;&gt;&gt;<\/a><\/li>\n<li>2013 &#8211; <strong>Arash Zargarian<\/strong> &#8212; f\u00f6rsvunnen i Sollentuna. <a href=\"https:\/\/polisen.se\/aktuellt\/kalla-fall\/2025\/april\/arash-zargarian-forsvunnen-i-sollentuna-2013\/\" target=\"_blank\" rel=\"noopener\">&gt;&gt;&gt;<\/a><\/li>\n<li>2013 &#8211; <strong>Ingrid och M\u00e4rta<\/strong> &#8212; r\u00e5n\/mord i Stockholm 2012\/2013. <a href=\"https:\/\/polisen.se\/aktuellt\/kalla-fall\/2024\/december\/ingrid-och-marta---stockholm-2012-och-2013\/\" target=\"_blank\" rel=\"noopener\">&gt;&gt;&gt;<\/a><\/li>\n<li>2013 &#8211; <strong>Faton Balaj<\/strong> &#8212; hittad i H\u00f6rby. <a href=\"https:\/\/polisen.se\/aktuellt\/kalla-fall\/2019\/augusti\/faton-balaj\/\" target=\"_blank\" rel=\"noopener\">&gt;&gt;&gt;<\/a><\/li>\n<li>2013 &#8211; <strong>Besnik Krasniqi<\/strong> &#8212; m\u00f6rdad i Helsingborg. <a href=\"https:\/\/polisen.se\/aktuellt\/kalla-fall\/2019\/februari\/besnik-krasniqi\/\" target=\"_blank\" rel=\"noopener\">&gt;&gt;&gt;<\/a><\/li>\n<li>2013 &#8211; <strong>Wasim Faor<\/strong> &#8212; m\u00f6rdad i M\u00f6rarp. <a href=\"https:\/\/polisen.se\/aktuellt\/kalla-fall\/2019\/februari\/wasim-faor\/\" target=\"_blank\" rel=\"noopener\">&gt;&gt;&gt;<\/a><\/li>\n<li>2012 &#8211; <strong>Mateusz Zawisza<\/strong> &#8212; m\u00f6rdad i Borgeby. <a href=\"https:\/\/polisen.se\/aktuellt\/kalla-fall\/2019\/augusti\/mateusz-zawisza\/\" target=\"_blank\" rel=\"noopener\">&gt;&gt;&gt;<\/a><\/li>\n<li>2012 &#8211; <strong>Murtez Xhema<\/strong> &#8212; m\u00f6rdad i Ekeby. <a href=\"https:\/\/polisen.se\/aktuellt\/kalla-fall\/2019\/februari\/murtez-xhema\/\" target=\"_blank\" rel=\"noopener\">&gt;&gt;&gt;<\/a><\/li>\n<li>2012 &#8211; <strong>Steen Damkj\u00e6r<\/strong> &#8212; m\u00f6rdad i B\u00e5stad. <a href=\"https:\/\/polisen.se\/aktuellt\/kalla-fall\/2019\/februari\/steen-damkjar\/\" target=\"_blank\" rel=\"noopener\">&gt;&gt;&gt;<\/a><\/li>\n<li>2012 &#8211; <strong>Ardiwan Samir<\/strong> &#8212; m\u00f6rdad i Malm\u00f6. <a href=\"https:\/\/polisen.se\/aktuellt\/kalla-fall\/2018\/december\/ardiwan-samir\/\" target=\"_blank\" rel=\"noopener\">&gt;&gt;&gt;<\/a><\/li>\n<li>2011 &#8211; <strong>Niklas Jonsson<\/strong> &#8212; f\u00f6rsvunnen i Svinesund. <a href=\"https:\/\/polisen.se\/aktuellt\/kalla-fall\/2023\/december\/niklas-jonsson---svinesund-2011\/\" target=\"_blank\" rel=\"noopener\">&gt;&gt;&gt;<\/a><\/li>\n<li>2011 &#8211; <strong>Adem Hadzic<\/strong> &#8212; m\u00f6rdad i Malm\u00f6. <a href=\"https:\/\/polisen.se\/aktuellt\/kalla-fall\/2019\/april\/adem-hadzic\/\" target=\"_blank\" rel=\"noopener\">&gt;&gt;&gt;<\/a><\/li>\n<li>2011 &#8211; <strong>Mats Larsson<\/strong> &#8212; m\u00f6rdad i Viken. <a href=\"https:\/\/polisen.se\/aktuellt\/kalla-fall\/2019\/april\/mats-larsson\/\" target=\"_blank\" rel=\"noopener\">&gt;&gt;&gt;<\/a><\/li>\n<li>2011 &#8211; <strong>Peter Ivarsson<\/strong> &#8212; m\u00f6rdad i Karlskrona. <a href=\"https:\/\/polisen.se\/aktuellt\/kalla-fall\/2019\/april\/peter-ivarsson\/\" target=\"_blank\" rel=\"noopener\">&gt;&gt;&gt;<\/a><\/li>\n<li>2011 &#8211; <strong>Mohamed Al-Mahmoud<\/strong> &#8212; m\u00f6rdad i Malm\u00f6. <a href=\"https:\/\/polisen.se\/aktuellt\/kalla-fall\/2019\/februari\/mohamed-al-mahmoud\/\" target=\"_blank\" rel=\"noopener\">&gt;&gt;&gt;<\/a><\/li>\n<li>2011 &#8211; <strong>Samuel M\u2019boge<\/strong> &#8212; m\u00f6rdad i Malm\u00f6. <a href=\"https:\/\/polisen.se\/aktuellt\/kalla-fall\/2019\/februari\/samuel-mboge\/\" target=\"_blank\" rel=\"noopener\">&gt;&gt;&gt;<\/a><\/li>\n<li>2011 &#8211; <strong>Alex Ghara Mohammadi<\/strong> &#8212; m\u00f6rdad i Malm\u00f6. <a href=\"https:\/\/polisen.se\/aktuellt\/kalla-fall\/2019\/februari\/alex-ghara-mohammadi\/\" target=\"_blank\" rel=\"noopener\">&gt;&gt;&gt;<\/a><\/li>\n<li>2011 &#8211; <strong>Kropp tillh\u00f6rande ok\u00e4nd man<\/strong> &#8212; hittad i V\u00e4la. <a href=\"https:\/\/polisen.se\/aktuellt\/kalla-fall\/2019\/februari\/okand-man\/\" target=\"_blank\" rel=\"noopener\">&gt;&gt;&gt;<\/a><\/li>\n<li>2011 &#8211; <strong>Vinny Tamjidi<\/strong> &#8212; f\u00f6rsvunnen och misst\u00e4nkt m\u00f6rdad i Malm\u00f6. <a href=\"https:\/\/polisen.se\/aktuellt\/kalla-fall\/2019\/januari\/vinny-tamjidi\/\" target=\"_blank\" rel=\"noopener\">&gt;&gt;&gt;<\/a><\/li>\n<li>2010 &#8211; <strong>Bahman Fattah och Kamil Hama Saeed Hussain<\/strong> &#8212; m\u00f6rdade i \u00d6nnesl\u00f6v. <a href=\"https:\/\/polisen.se\/aktuellt\/kalla-fall\/2019\/april\/bahman-fattah-och-kamil-hama-saeed-hussain\/\" target=\"_blank\" rel=\"noopener\">&gt;&gt;&gt;<\/a><\/li>\n<li>2010 &#8211; <strong>Mevlur Kupa<\/strong> &#8212; m\u00f6rdad i Malm\u00f6. <a href=\"https:\/\/polisen.se\/aktuellt\/kalla-fall\/2019\/april\/mevlur-kupa\/\" target=\"_blank\" rel=\"noopener\">&gt;&gt;&gt;<\/a><\/li>\n<li>2009 &#8211; <strong>Petrit Islamoski<\/strong> &#8212; m\u00f6rdad i Malm\u00f6. <a href=\"https:\/\/polisen.se\/aktuellt\/kalla-fall\/2019\/augusti\/petrit-islamoski\/\" target=\"_blank\" rel=\"noopener\">&gt;&gt;&gt;<\/a><\/li>\n<li>2009 &#8211; <strong>Muhsen Jevad Muhsen<\/strong> &#8212; m\u00f6rdad i Malm\u00f6. <a href=\"https:\/\/polisen.se\/aktuellt\/kalla-fall\/2019\/augusti\/muhsen-jevad-muhsen\/\" target=\"_blank\" rel=\"noopener\">&gt;&gt;&gt;<\/a><\/li>\n<li>2009 &#8211; <strong>Shameh Abdulla Zada<\/strong> &#8212; f\u00f6rsvunnen och misst\u00e4nkt m\u00f6rdad i Kalmar. <a href=\"https:\/\/polisen.se\/aktuellt\/kalla-fall\/2019\/april\/shameh-abdulla-zada\/\" target=\"_blank\" rel=\"noopener\">&gt;&gt;&gt;<\/a><\/li>\n<li>2008 &#8211; <strong>Knut Nilsson<\/strong> &#8212; m\u00f6rdad i Kastberga. <a href=\"https:\/\/polisen.se\/aktuellt\/kalla-fall\/2024\/maj\/knut-nilsson---kastberga\/\" target=\"_blank\" rel=\"noopener\">&gt;&gt;&gt;<\/a><\/li>\n<li>2008 &#8211; <strong>Ahmad Hamadi<\/strong> &#8212; m\u00f6rdad i Helsingborg. <a href=\"https:\/\/polisen.se\/aktuellt\/kalla-fall\/2019\/april\/ahmad-hamadi\/\" target=\"_blank\" rel=\"noopener\">&gt;&gt;&gt;<\/a><\/li>\n<li>2008 &#8211; <strong>Branko Petrov<\/strong> &#8212; m\u00f6rdad i Landskrona. <a href=\"https:\/\/polisen.se\/aktuellt\/kalla-fall\/2019\/april\/branko-petrov\/\" target=\"_blank\" rel=\"noopener\">&gt;&gt;&gt;<\/a><\/li>\n<li>2008 &#8211; <strong>Mehmet Tas<\/strong> &#8212; m\u00f6rdad i Malm\u00f6. <a href=\"https:\/\/polisen.se\/aktuellt\/kalla-fall\/2019\/april\/mehmet-tas\/\" target=\"_blank\" rel=\"noopener\">&gt;&gt;&gt;<\/a><\/li>\n<li>2008 &#8211; <strong>Mwaka \u201dRossi\u201d Kalula<\/strong> &#8212; m\u00f6rdad i Malm\u00f6. <a href=\"https:\/\/polisen.se\/aktuellt\/kalla-fall\/2019\/april\/mwaka-kalula\/\" target=\"_blank\" rel=\"noopener\">&gt;&gt;&gt;<\/a><\/li>\n<li>2008 &#8211; <strong>Navid Mosavi<\/strong> &#8212; m\u00f6rdad i Malm\u00f6. <a href=\"https:\/\/polisen.se\/aktuellt\/kalla-fall\/2019\/april\/navid-mosavi\/\" target=\"_blank\" rel=\"noopener\">&gt;&gt;&gt;<\/a><\/li>\n<li>2007 &#8211; <strong>Yasmin Sassi<\/strong> &#8212; f\u00f6rsvunnen i Huddinge. <a href=\"https:\/\/polisen.se\/aktuellt\/kalla-fall\/2025\/april\/yasmin-sassi-forsvunnen-i-huddinge-2007\/\" target=\"_blank\" rel=\"noopener\">&gt;&gt;&gt;<\/a><\/li>\n<li>2007 &#8211; <strong>Daniel Jansson<\/strong> &#8212; f\u00f6rsvunnen i Gdansk. <a href=\"https:\/\/polisen.se\/aktuellt\/kalla-fall\/2025\/april\/daniel-jansson-forsvunnen-i-gdansk-2007\/\" target=\"_blank\" rel=\"noopener\">&gt;&gt;&gt;<\/a><\/li>\n<li>2007 &#8211; <strong>Staffan Arnstr\u00f6m<\/strong> &#8212; m\u00f6rdad i \u00d6rnsk\u00f6ldsvik. <a href=\"https:\/\/polisen.se\/aktuellt\/kalla-fall\/2023\/januari\/staffan-arnstrom\/\" target=\"_blank\" rel=\"noopener\">&gt;&gt;&gt;<\/a><\/li>\n<li>2007 &#8211; <strong>Almir Dedic<\/strong> &#8212; m\u00f6rdad i Malm\u00f6. <a href=\"https:\/\/polisen.se\/aktuellt\/kalla-fall\/2019\/april\/almir-dedic\/\" target=\"_blank\" rel=\"noopener\">&gt;&gt;&gt;<\/a><\/li>\n<li>2007 &#8211; <strong>Lars Landin<\/strong> &#8212; m\u00f6rdad i \u00d6rkelljunga. <a href=\"https:\/\/polisen.se\/aktuellt\/kalla-fall\/2019\/april\/lars-landin\/\" target=\"_blank\" rel=\"noopener\">&gt;&gt;&gt;<\/a><\/li>\n<li>2007 &#8211; <strong>Rozbeh Ghassemi Biabannavard<\/strong> &#8212; m\u00f6rdad i Helsingborg. <a href=\"https:\/\/polisen.se\/aktuellt\/kalla-fall\/2019\/april\/rozbeh-ghassemi-biabannavard\/\" target=\"_blank\" rel=\"noopener\">&gt;&gt;&gt;<\/a><\/li>\n<li>2006 &#8211; <strong>Pernilla Theorin<\/strong> &#8212; m\u00f6rdad i Avesta. <a href=\"https:\/\/polisen.se\/aktuellt\/kalla-fall\/2023\/maj\/pernilla-theorin---avesta\/\" target=\"_blank\" rel=\"noopener\">&gt;&gt;&gt;<\/a><\/li>\n<li>2006 &#8211; <strong>Lars Inge \u201dDalton\u201d Holmqvist<\/strong> &#8212; hittad i Malm\u00f6. <a href=\"https:\/\/polisen.se\/aktuellt\/kalla-fall\/2019\/maj\/lars-inge-holmqvist\/\" target=\"_blank\" rel=\"noopener\">&gt;&gt;&gt;<\/a><\/li>\n<li>2006 &#8211; <strong>Anders Johanzon<\/strong> &#8212; m\u00f6rdad i H\u00f6gan\u00e4s. <a href=\"https:\/\/polisen.se\/aktuellt\/kalla-fall\/2019\/april\/anders-johanzon\/\" target=\"_blank\" rel=\"noopener\">&gt;&gt;&gt;<\/a><\/li>\n<li>2006 &#8211; <strong>Barbro Karlsson och Bertil Sandin<\/strong> &#8212; m\u00f6rdade i Byxelkrok. <a href=\"https:\/\/polisen.se\/aktuellt\/kalla-fall\/2019\/januari\/barbro-karlsson-och-bertil-sandin\/\" target=\"_blank\" rel=\"noopener\">&gt;&gt;&gt;<\/a><\/li>\n<li>2006 &#8211; <strong>Solveig Hertzberg<\/strong> &#8212; m\u00f6rdad i Tj\u00f6rnarp. <a href=\"https:\/\/polisen.se\/aktuellt\/kalla-fall\/2018\/december\/solveig-hertzberg\/\" target=\"_blank\" rel=\"noopener\">&gt;&gt;&gt;<\/a><\/li>\n<li>2005 &#8211; <strong>Pontus Holmberg<\/strong> &#8212; d\u00f6dades i mordbrand i \u00d6rebro. <a href=\"https:\/\/polisen.se\/aktuellt\/kalla-fall\/2023\/juni\/pontus-holmberg---orebro-2005\/\" target=\"_blank\" rel=\"noopener\">&gt;&gt;&gt;<\/a><\/li>\n<li>2005 &#8211; <strong>Janne Tuikka<\/strong> &#8212; m\u00f6rdad i Avesta. <a href=\"https:\/\/polisen.se\/aktuellt\/kalla-fall\/2023\/maj\/janne-tuikka---avesta\/\" target=\"_blank\" rel=\"noopener\">&gt;&gt;&gt;<\/a><\/li>\n<li>2005 &#8211; <strong>Tor \u00d6berg och Gerd Wiklund<\/strong> &#8212; m\u00f6rdade i Bratt\u00e5sen H\u00e4rn\u00f6sand. <a href=\"https:\/\/polisen.se\/aktuellt\/kalla-fall\/2023\/januari\/tor-oberg-och-gerd-wiklund\/\" target=\"_blank\" rel=\"noopener\">&gt;&gt;&gt;<\/a><\/li>\n<li>2005 &#8211; <strong>Ola Karlsson<\/strong> &#8212; m\u00f6rdad i V\u00e4xj\u00f6. <a href=\"https:\/\/polisen.se\/aktuellt\/kalla-fall\/2020\/mars\/ola-karlsson\/\" target=\"_blank\" rel=\"noopener\">&gt;&gt;&gt;<\/a><\/li>\n<li>2005 &#8211; <strong>Ann-Kristin Malm<\/strong> &#8212; hittad i Veber\u00f6d. <a href=\"https:\/\/polisen.se\/aktuellt\/kalla-fall\/2019\/maj\/ann-kristin-malm\/\" target=\"_blank\" rel=\"noopener\">&gt;&gt;&gt;<\/a><\/li>\n<li>2005 &#8211; <strong>Petar Grujic<\/strong> &#8212; m\u00f6rdad i Malm\u00f6. <a href=\"https:\/\/polisen.se\/aktuellt\/kalla-fall\/2019\/januari\/petar-grujic\/\" target=\"_blank\" rel=\"noopener\">&gt;&gt;&gt;<\/a><\/li>\n<li>2004 &#8211; <strong>Rikard Foconi<\/strong> &#8212; m\u00f6rdad i Kristianstad. <a href=\"https:\/\/polisen.se\/aktuellt\/kalla-fall\/2019\/maj\/rikard-foconi\/\" target=\"_blank\" rel=\"noopener\">&gt;&gt;&gt;<\/a><\/li>\n<li>2004 &#8211; <strong>Jimmy Svensson<\/strong> &#8212; f\u00f6rsvunnen och misst\u00e4nkt m\u00f6rdad i \u00c4ngelholm. <a href=\"https:\/\/polisen.se\/aktuellt\/kalla-fall\/2019\/maj\/jimmy-svensson\/\" target=\"_blank\" rel=\"noopener\">&gt;&gt;&gt;<\/a><\/li>\n<li>2004 &#8211; <strong>Ivan Pantic<\/strong> &#8212; m\u00f6rdad i Malm\u00f6. <a href=\"https:\/\/polisen.se\/aktuellt\/kalla-fall\/2019\/maj\/ivan-pantic\/\" target=\"_blank\" rel=\"noopener\">&gt;&gt;&gt;<\/a><\/li>\n<li>2004 &#8211; <strong>Eva-Marie Strandmark<\/strong> &#8212; m\u00f6rdad i \u00d6llsj\u00f6. <a href=\"https:\/\/polisen.se\/aktuellt\/kalla-fall\/2018\/december\/eva-marie-strandmark\/\" target=\"_blank\" rel=\"noopener\">&gt;&gt;&gt;<\/a><\/li>\n<li>2003 &#8211; <strong>Tommy Moen<\/strong> &#8212; m\u00f6rdad i Helsingborg. <a href=\"https:\/\/polisen.se\/aktuellt\/kalla-fall\/2019\/maj\/tommy-moen\/\" target=\"_blank\" rel=\"noopener\">&gt;&gt;&gt;<\/a><\/li>\n<li>2003 &#8211; <strong>Marua Ajouz<\/strong> &#8212; hittad i Bokskogen. <a href=\"https:\/\/polisen.se\/aktuellt\/kalla-fall\/2019\/maj\/marua-ajouz\/\" target=\"_blank\" rel=\"noopener\">&gt;&gt;&gt;<\/a><\/li>\n<li>2003 &#8211; <strong>G\u00f6ran Wieder<\/strong> &#8212; m\u00f6rdad i Malm\u00f6. <a href=\"https:\/\/polisen.se\/aktuellt\/kalla-fall\/2019\/maj\/goran-wieder\/\" target=\"_blank\" rel=\"noopener\">&gt;&gt;&gt;<\/a><\/li>\n<li>2003 &#8211; <strong>Firas Al-Shariah<\/strong> &#8212; m\u00f6rdad i Malm\u00f6. <a href=\"https:\/\/polisen.se\/aktuellt\/kalla-fall\/2019\/maj\/firas-al-shariah\/\" target=\"_blank\" rel=\"noopener\">&gt;&gt;&gt;<\/a><\/li>\n<li>2003 &#8211; <strong>Kropp tillh\u00f6rande ok\u00e4nd man<\/strong> &#8212; hittad i Malm\u00f6. <a href=\"https:\/\/polisen.se\/aktuellt\/kalla-fall\/2019\/maj\/okand-man\/\" target=\"_blank\" rel=\"noopener\">&gt;&gt;&gt;<\/a><\/li>\n<li>2003 &#8211; <strong>Karl Ekstr\u00f6m<\/strong> &#8212; m\u00f6rdad i Karlskrona. <a href=\"https:\/\/polisen.se\/aktuellt\/kalla-fall\/2019\/januari\/karl-ekstrom\/\" target=\"_blank\" rel=\"noopener\">&gt;&gt;&gt;<\/a><\/li>\n<li>2003 &#8211; <strong>Kropp tillh\u00f6rande ok\u00e4nd man<\/strong> &#8212; hittad i Ekeby. <a href=\"https:\/\/polisen.se\/aktuellt\/kalla-fall\/2018\/december\/okand-man\/\" target=\"_blank\" rel=\"noopener\">&gt;&gt;&gt;<\/a><\/li>\n<li>2003 &#8211; <strong>Vlado Macak<\/strong> &#8212; m\u00f6rdad i Helsingborg. <a href=\"https:\/\/polisen.se\/aktuellt\/kalla-fall\/2018\/december\/vlado-macak\/\" target=\"_blank\" rel=\"noopener\">&gt;&gt;&gt;<\/a><\/li>\n<li>2002 &#8211; <strong>Sp\u00e4dbarn<\/strong> &#8212; m\u00f6rdad i Stockholm. <a href=\"https:\/\/polisen.se\/aktuellt\/kalla-fall\/2020\/januari\/spadbarnsmordet2\/\" target=\"_blank\" rel=\"noopener\">&gt;&gt;&gt;<\/a><\/li>\n<li>2002 &#8211; <strong>Davor Smailagic<\/strong> &#8212; hittad i Toppeladug\u00e5rd. <a href=\"https:\/\/polisen.se\/aktuellt\/kalla-fall\/2019\/maj\/davor-smailagic\/\" target=\"_blank\" rel=\"noopener\">&gt;&gt;&gt;<\/a><\/li>\n<li>2002 &#8211; <strong>Jonas Ahlgren<\/strong> &#8212; m\u00f6rdad i Esl\u00f6v. <a href=\"https:\/\/polisen.se\/aktuellt\/kalla-fall\/2018\/december\/jonas-ahlgren\/\" target=\"_blank\" rel=\"noopener\">&gt;&gt;&gt;<\/a><\/li>\n<li>2001 &#8211; <strong>Zlatko Sankovic<\/strong> &#8212; hittad i Kullaberg. <a href=\"https:\/\/polisen.se\/aktuellt\/kalla-fall\/2019\/maj\/zlatko-sankovic\/\" target=\"_blank\" rel=\"noopener\">&gt;&gt;&gt;<\/a><\/li>\n<li>2001 &#8211; <strong>Sasa Vucicevic<\/strong> &#8212; m\u00f6rdad i Malm\u00f6. <a href=\"https:\/\/polisen.se\/aktuellt\/kalla-fall\/2019\/maj\/sasa-vucicevic\/\" target=\"_blank\" rel=\"noopener\">&gt;&gt;&gt;<\/a><\/li>\n<li>2001 &#8211; <strong>Mahmood Hussin<\/strong> &#8212; m\u00f6rdad i Malm\u00f6. <a href=\"https:\/\/polisen.se\/aktuellt\/kalla-fall\/2019\/maj\/mahmood-hussin\/\" target=\"_blank\" rel=\"noopener\">&gt;&gt;&gt;<\/a><\/li>\n<li>2001 &#8211; <strong>Brizita och Milenko Dunjic<\/strong> &#8212; m\u00f6rdade i Helsingborg. <a href=\"https:\/\/polisen.se\/aktuellt\/kalla-fall\/2019\/maj\/brizita-och-milenko-dunjic\/\" target=\"_blank\" rel=\"noopener\">&gt;&gt;&gt;<\/a><\/li>\n<li>2001 &#8211; <strong>Julian Wysoczanski<\/strong> &#8212; m\u00f6rdad i Ystad. <a href=\"https:\/\/polisen.se\/aktuellt\/kalla-fall\/2019\/januari\/julian-wysoczanski\/\" target=\"_blank\" rel=\"noopener\">&gt;&gt;&gt;<\/a><\/li>\n<li>2001 &#8211; <strong>Ulrika \u00c5kesson<\/strong> &#8212; m\u00f6rdad i Helsingborg. <a href=\"https:\/\/polisen.se\/aktuellt\/kalla-fall\/2019\/januari\/ulrika-akesson\/\" target=\"_blank\" rel=\"noopener\">&gt;&gt;&gt;<\/a><\/li>\n<li>2000 &#8211; <strong>Sture Axelsson<\/strong> &#8212; m\u00f6rdad i H\u00e4ssleholm. <a href=\"https:\/\/polisen.se\/aktuellt\/kalla-fall\/2020\/mars\/sture-axelsson\/\" target=\"_blank\" rel=\"noopener\">&gt;&gt;&gt;<\/a><\/li>\n<li>2000 &#8211; <strong>Carina Thor\u00e9n<\/strong> &#8212; m\u00f6rdad i Esl\u00f6v. <a href=\"https:\/\/polisen.se\/aktuellt\/kalla-fall\/2019\/juni\/carina-thoren\/\" target=\"_blank\" rel=\"noopener\">&gt;&gt;&gt;<\/a><\/li>\n<li>2000 &#8211; <strong>Fredrik Lindberg<\/strong> &#8212; f\u00f6rsvunnen och misst\u00e4nkt m\u00f6rdad i Helsingborg. <a href=\"https:\/\/polisen.se\/aktuellt\/kalla-fall\/2019\/juni\/fredrik-lindberg\/\" target=\"_blank\" rel=\"noopener\">&gt;&gt;&gt;<\/a><\/li>\n<li>2000 &#8211; <strong>Tarek El-Doukhi<\/strong> &#8212; f\u00f6rsvunnen och misst\u00e4nkt m\u00f6rdad i Helsingborg. <a href=\"https:\/\/polisen.se\/aktuellt\/kalla-fall\/2018\/december\/tarek-el-doukhi\/\" target=\"_blank\" rel=\"noopener\">&gt;&gt;&gt;<\/a><\/li>\n<li>1999 &#8211; <strong>Anders Bernsheim<\/strong> &#8212; m\u00f6rdad i Malm\u00f6. <a href=\"https:\/\/polisen.se\/aktuellt\/kalla-fall\/2019\/juni\/anders-bernsheim\/\" target=\"_blank\" rel=\"noopener\">&gt;&gt;&gt;<\/a><\/li>\n<li>1999 &#8211; <strong>Claes Berg\u00e9n<\/strong> &#8212; m\u00f6rdad i Malm\u00f6. <a href=\"https:\/\/polisen.se\/aktuellt\/kalla-fall\/2019\/juni\/claes-bergen\/\" target=\"_blank\" rel=\"noopener\">&gt;&gt;&gt;<\/a><\/li>\n<li>1999 &#8211; <strong>Henrik Jansson<\/strong> &#8212; f\u00f6rsvunnen och misst\u00e4nkt m\u00f6rdad i \u00c4ngelholm. <a href=\"https:\/\/polisen.se\/aktuellt\/kalla-fall\/2019\/juni\/henrik-jansson\/\" target=\"_blank\" rel=\"noopener\">&gt;&gt;&gt;<\/a><\/li>\n<li>1999 &#8211; <strong>Johan Sjunnesson<\/strong> &#8212; hittad i Landskrona. <a href=\"https:\/\/polisen.se\/aktuellt\/kalla-fall\/2019\/juni\/johan-sjunnesson\/\" target=\"_blank\" rel=\"noopener\">&gt;&gt;&gt;<\/a><\/li>\n<li>1999 &#8211; <strong>Lelle Hildebrand<\/strong> &#8212; f\u00f6rsvunnen och misst\u00e4nkt m\u00f6rdad i S\u00f6lvesborg. <a href=\"https:\/\/polisen.se\/aktuellt\/kalla-fall\/2019\/juni\/lelle-hildebrand2\/\" target=\"_blank\" rel=\"noopener\">&gt;&gt;&gt;<\/a><\/li>\n<li>1999 &#8211; <strong>Zvonko Vujicic<\/strong> &#8212; m\u00f6rdad i Trelleborg. <a href=\"https:\/\/polisen.se\/aktuellt\/kalla-fall\/2019\/juni\/zvonko-vujicic\/\" target=\"_blank\" rel=\"noopener\">&gt;&gt;&gt;<\/a><\/li>\n<li>1999 &#8211; <strong>Morgan \u201dMolle\u201d Blomgren<\/strong> &#8212; f\u00f6rsvunnen och misst\u00e4nkt m\u00f6rdad i Helsingborg. <a href=\"https:\/\/polisen.se\/aktuellt\/kalla-fall\/2019\/januari\/morgan-blomgren\/\" target=\"_blank\" rel=\"noopener\">&gt;&gt;&gt;<\/a><\/li>\n<li>1998 &#8211; <strong>Musse Omar Gataa<\/strong> &#8212; funnen d\u00f6d i Malm\u00f6. <a href=\"https:\/\/polisen.se\/aktuellt\/kalla-fall\/2024\/juli\/musse-omar-gataa---malmo\/\" target=\"_blank\" rel=\"noopener\">&gt;&gt;&gt;<\/a><\/li>\n<li>1998 &#8211; <strong>Bengt Norman<\/strong> &#8212; r\u00e5nm\u00f6rdad i Stockholm. <a href=\"https:\/\/polisen.se\/aktuellt\/kalla-fall\/2020\/maj\/bengt-norman\/\" target=\"_blank\" rel=\"noopener\">&gt;&gt;&gt;<\/a><\/li>\n<li>1998 &#8211; <strong>Julia Olteanu<\/strong> &#8212; m\u00f6rdad i H\u00f6gan\u00e4s. <a href=\"https:\/\/polisen.se\/aktuellt\/kalla-fall\/2019\/juni\/julia-olteanu\/\" target=\"_blank\" rel=\"noopener\">&gt;&gt;&gt;<\/a><\/li>\n<li>1998 &#8211; <strong>Sven-Erik Sv\u00e4rd<\/strong> &#8212; m\u00f6rdad i \u00c5storp. <a href=\"https:\/\/polisen.se\/aktuellt\/kalla-fall\/2019\/januari\/sven-erik-svard\/\" target=\"_blank\" rel=\"noopener\">&gt;&gt;&gt;<\/a><\/li>\n<li>1997 &#8211; <strong>Evgueni Goloubtchik<\/strong> &#8212; m\u00f6rdad i Malm\u00f6. <a href=\"https:\/\/polisen.se\/aktuellt\/kalla-fall\/2019\/juni\/evgueni-goloubtchik\/\" target=\"_blank\" rel=\"noopener\">&gt;&gt;&gt;<\/a><\/li>\n<li>1997 &#8211; <strong>Annelie Ojonen<\/strong> &#8212; f\u00f6rsvunnen och misst\u00e4nkt m\u00f6rdad i F\u00e4rjestaden. <a href=\"https:\/\/polisen.se\/aktuellt\/kalla-fall\/2018\/december\/annelie-ojonen\/\" target=\"_blank\" rel=\"noopener\">&gt;&gt;&gt;<\/a><\/li>\n<li>1997 &#8211; <strong>Malak Forouzandeh<\/strong> &#8212; m\u00f6rdad i Lund. <a href=\"https:\/\/polisen.se\/aktuellt\/kalla-fall\/2018\/december\/malak-forouzandeh\/\" target=\"_blank\" rel=\"noopener\">&gt;&gt;&gt;<\/a><\/li>\n<li>1996 &#8211; <strong>Xam Muoi Trinh<\/strong> &#8212; m\u00f6rdad i Malm\u00f6. <a href=\"https:\/\/polisen.se\/aktuellt\/kalla-fall\/2018\/december\/xam-muoi-trinh\/\" target=\"_blank\" rel=\"noopener\">&gt;&gt;&gt;<\/a><\/li>\n<li>1995 &#8211; <strong>Peter Engstr\u00f6m<\/strong> &#8212; f\u00f6rsvunnen i Stockholm. <a href=\"https:\/\/polisen.se\/aktuellt\/kalla-fall\/2025\/april\/peter-engstrom-forsvunnen-i-stockholm-1995\/\" target=\"_blank\" rel=\"noopener\">&gt;&gt;&gt;<\/a><\/li>\n<li>1995 &#8211; <strong>Tony Tuohea Boija<\/strong> &#8212; skjuten till d\u00f6ds i Borl\u00e4nge. <a href=\"https:\/\/polisen.se\/aktuellt\/kalla-fall\/2023\/juni\/tony-tuohea-boija---borlange\/\" target=\"_blank\" rel=\"noopener\">&gt;&gt;&gt;<\/a><\/li>\n<li>1995 &#8211; <strong>Inge Nielsen<\/strong> &#8212; m\u00f6rdad i Broby. <a href=\"https:\/\/polisen.se\/aktuellt\/kalla-fall\/2020\/december\/inge-nielsen-mordad-i-broby-1995\/\" target=\"_blank\" rel=\"noopener\">&gt;&gt;&gt;<\/a><\/li>\n<li>1995 &#8211; <strong>Michael Ljunggren<\/strong> &#8212; m\u00f6rdad p\u00e5 E4:an i Markaryd. <a href=\"https:\/\/polisen.se\/aktuellt\/kalla-fall\/2020\/december\/michael-ljunggren\/\" target=\"_blank\" rel=\"noopener\">&gt;&gt;&gt;<\/a><\/li>\n<li>1995 &#8211; <strong>Anders Gustafsson<\/strong> &#8212; m\u00f6rdad i Stockholm (&#8217;fryshusmordet&#8217;). <a href=\"https:\/\/polisen.se\/aktuellt\/kalla-fall\/2020\/januari\/fryshusmordet\/\" target=\"_blank\" rel=\"noopener\">&gt;&gt;&gt;<\/a><\/li>\n<li>1995 &#8211; <strong>Ture Edvinsson<\/strong> &#8212; m\u00f6rdad i \u00d6rkelljunga. <a href=\"https:\/\/polisen.se\/aktuellt\/kalla-fall\/2019\/januari\/ture-edvinsson\/\" target=\"_blank\" rel=\"noopener\">&gt;&gt;&gt;<\/a><\/li>\n<li>1994 &#8211; <strong>Rolf \u201dWallentin\u201d Larsson<\/strong> &#8212; m\u00f6rdad i Malm\u00f6. <a href=\"https:\/\/polisen.se\/aktuellt\/kalla-fall\/2019\/augusti\/rolf-larsson\/\" target=\"_blank\" rel=\"noopener\">&gt;&gt;&gt;<\/a><\/li>\n<li>1994 &#8211; <strong>Joakim Boman<\/strong> &#8212; m\u00f6rdad i Helsingborg. <a href=\"https:\/\/polisen.se\/aktuellt\/kalla-fall\/2019\/augusti\/joakim-boman\/\" target=\"_blank\" rel=\"noopener\">&gt;&gt;&gt;<\/a><\/li>\n<li>1994 &#8211; <strong>William \u201dBandi\u201d Szalayov<\/strong> &#8212; m\u00f6rdad i Malm\u00f6. <a href=\"https:\/\/polisen.se\/aktuellt\/kalla-fall\/2019\/juni\/william-szalayov\/\" target=\"_blank\" rel=\"noopener\">&gt;&gt;&gt;<\/a><\/li>\n<li>1994 &#8211; <strong>Bengt Kronbert<\/strong> &#8212; m\u00f6rdad i Malm\u00f6. <a href=\"https:\/\/polisen.se\/aktuellt\/kalla-fall\/2019\/januari\/bengt-kronbert\/\" target=\"_blank\" rel=\"noopener\">&gt;&gt;&gt;<\/a><\/li>\n<li>1994 &#8211; <strong>Carl-Erik Bj\u00f6rkegren<\/strong> &#8212; f\u00f6rsvunnen och misst\u00e4nkt m\u00f6rdad i Viken. <a href=\"https:\/\/polisen.se\/aktuellt\/kalla-fall\/2019\/januari\/carl-erik-bjorkegren\/\" target=\"_blank\" rel=\"noopener\">&gt;&gt;&gt;<\/a><\/li>\n<li>1994 &#8211; <strong>Marek Wrobel<\/strong> &#8212; m\u00f6rdad i H\u00e4ssleholm. <a href=\"https:\/\/polisen.se\/aktuellt\/kalla-fall\/2019\/januari\/wrobel-marek\/\" target=\"_blank\" rel=\"noopener\">&gt;&gt;&gt;<\/a><\/li>\n<li>1993 &#8211; <strong>\u00d6rjan Sellin<\/strong> &#8212; f\u00f6rsvunnen i Sigtuna. <a href=\"https:\/\/polisen.se\/aktuellt\/kalla-fall\/2025\/april\/orjan-sellin-forsvunnen-i-sigtuna-1993\/\" target=\"_blank\" rel=\"noopener\">&gt;&gt;&gt;<\/a><\/li>\n<li>1993 &#8211; <strong>Bartosz Cerkowniak<\/strong> &#8212; hittad i Malm\u00f6. <a href=\"https:\/\/polisen.se\/aktuellt\/kalla-fall\/2020\/mars\/bartosz-cerkowniak-hittad-i-malmo-1993\/\" target=\"_blank\" rel=\"noopener\">&gt;&gt;&gt;<\/a><\/li>\n<li>1993 &#8211; <strong>Emil Rittbo<\/strong> &#8212; m\u00f6rdad i H\u00f6rby. <a href=\"https:\/\/polisen.se\/aktuellt\/kalla-fall\/2019\/januari\/emil-rittbo\/\" target=\"_blank\" rel=\"noopener\">&gt;&gt;&gt;<\/a><\/li>\n<li>1992 &#8211; <strong>G\u00f6ran Andersson<\/strong> &#8212; skjuten till d\u00f6ds i V\u00e4xj\u00f6. <a href=\"https:\/\/polisen.se\/aktuellt\/kalla-fall\/2024\/augusti\/goran-andersson---vaxjo\/\" target=\"_blank\" rel=\"noopener\">&gt;&gt;&gt;<\/a><\/li>\n<li>1992 &#8211; <strong>Theocharis Paraskevas<\/strong> &#8212; m\u00f6rdad i Lund. <a href=\"https:\/\/polisen.se\/aktuellt\/kalla-fall\/2020\/december\/theocharis-paraskevas\/\" target=\"_blank\" rel=\"noopener\">&gt;&gt;&gt;<\/a><\/li>\n<li>1992 &#8211; <strong>Kurt \u201dSamlaren\u201d Hellstr\u00f6m<\/strong> &#8212; r\u00e5nm\u00f6rdad i Stockholm. <a href=\"https:\/\/polisen.se\/aktuellt\/kalla-fall\/2020\/mars\/kurt-samlaren-hellstrom-stockholm\/\" target=\"_blank\" rel=\"noopener\">&gt;&gt;&gt;<\/a><\/li>\n<li>1992 &#8211; <strong>Ulf Persson<\/strong> &#8212; f\u00f6rsvunnen och misst\u00e4nkt m\u00f6rdad i Helsingborg. <a href=\"https:\/\/polisen.se\/aktuellt\/kalla-fall\/2019\/juni\/ulf-persson\/\" target=\"_blank\" rel=\"noopener\">&gt;&gt;&gt;<\/a><\/li>\n<li>1992 &#8211; <strong>Erik-Axel Eriksson<\/strong> &#8212; m\u00f6rdad i V\u00e4xj\u00f6. <a href=\"https:\/\/polisen.se\/aktuellt\/kalla-fall\/2018\/december\/erik-axel-eriksson\/\" target=\"_blank\" rel=\"noopener\">&gt;&gt;&gt;<\/a><\/li>\n<li>1992 &#8211; <strong>Thomas Karlsson<\/strong> &#8212; m\u00f6rdad i Ronneby. <a href=\"https:\/\/polisen.se\/aktuellt\/kalla-fall\/2018\/december\/thomas-karlsson\/\" target=\"_blank\" rel=\"noopener\">&gt;&gt;&gt;<\/a><\/li>\n<li>1991 &#8211; <strong>Mikael Sandin<\/strong> &#8212; m\u00f6rdad i Osby. <a href=\"https:\/\/polisen.se\/aktuellt\/kalla-fall\/2020\/mars\/mikael-sandin\/\" target=\"_blank\" rel=\"noopener\">&gt;&gt;&gt;<\/a><\/li>\n<li>1991 &#8211; <strong>Niklas Elmberg<\/strong> &#8212; m\u00f6rdad i Lund. <a href=\"https:\/\/polisen.se\/aktuellt\/kalla-fall\/2019\/januari\/niklas-elmberg\/\" target=\"_blank\" rel=\"noopener\">&gt;&gt;&gt;<\/a><\/li>\n<li>1991 &#8211; <strong>Tommy Gripenhov<\/strong> &#8212; m\u00f6rdad i Helsingborg. <a href=\"https:\/\/polisen.se\/aktuellt\/kalla-fall\/2018\/december\/tommy-gripenhov\/\" target=\"_blank\" rel=\"noopener\">&gt;&gt;&gt;<\/a><\/li>\n<li>1990 &#8211; <strong>Inger Stark<\/strong> &#8212; m\u00f6rdad i Karlstad. <a href=\"https:\/\/polisen.se\/aktuellt\/kalla-fall\/2023\/juni\/inger-stark-karlstad\/\" target=\"_blank\" rel=\"noopener\">&gt;&gt;&gt;<\/a><\/li>\n<li>1988 &#8211; <strong>Fredrik Sollestr\u00f6m<\/strong> &#8212; m\u00f6rdad i Malm\u00f6. <a href=\"https:\/\/polisen.se\/aktuellt\/kalla-fall\/2019\/augusti\/fredrik-sollestrom\/\" target=\"_blank\" rel=\"noopener\">&gt;&gt;&gt;<\/a><\/li>\n<li>1988 &#8211; <strong>Mickael Tufvesson<\/strong> &#8212; hittad i Borup Danmark. <a href=\"https:\/\/polisen.se\/aktuellt\/kalla-fall\/2019\/juni\/mickael-tufvesson\/\" target=\"_blank\" rel=\"noopener\">&gt;&gt;&gt;<\/a><\/li>\n<li>1987 &#8211; <strong>Eva S\u00f6derstr\u00f6m<\/strong> &#8212; m\u00f6rdad i Kramfors. <a href=\"https:\/\/polisen.se\/aktuellt\/kalla-fall\/2023\/januari\/eva-soderstrom\/\" target=\"_blank\" rel=\"noopener\">&gt;&gt;&gt;<\/a><\/li>\n<li>1987 &#8211; <strong>Thomas Fridstr\u00f6m<\/strong> &#8212; m\u00f6rdad i Malm\u00f6. <a href=\"https:\/\/polisen.se\/aktuellt\/kalla-fall\/2020\/december\/thomas-fridstrom\/\" target=\"_blank\" rel=\"noopener\">&gt;&gt;&gt;<\/a><\/li>\n<li>1986 &#8211; <strong>Kjell-Arne H\u00e5kansson<\/strong> &#8212; m\u00f6rdad i Malm\u00f6. <a href=\"https:\/\/polisen.se\/aktuellt\/kalla-fall\/2020\/mars\/kjell-arne-hakansson\/\" target=\"_blank\" rel=\"noopener\">&gt;&gt;&gt;<\/a><\/li>\n<li>1986 &#8211; <strong>G\u00f6sta Fess\u00e9<\/strong> &#8212; m\u00f6rdad i Esl\u00f6v. <a href=\"https:\/\/polisen.se\/aktuellt\/kalla-fall\/2019\/augusti\/gosta-fesse\/\" target=\"_blank\" rel=\"noopener\">&gt;&gt;&gt;<\/a><\/li>\n<li>1986 &#8211; <strong>Elena Cranicean<\/strong> &#8212; m\u00f6rdad i Helsingborg. <a href=\"https:\/\/polisen.se\/aktuellt\/kalla-fall\/2019\/augusti\/elena-cranicean\/\" target=\"_blank\" rel=\"noopener\">&gt;&gt;&gt;<\/a><\/li>\n<li>1986 &#8211; <strong>Constantin Petrisor<\/strong> &#8212; m\u00f6rdad i Helsingborg. <a href=\"https:\/\/polisen.se\/aktuellt\/kalla-fall\/2019\/augusti\/constantin-petrisor\/\" target=\"_blank\" rel=\"noopener\">&gt;&gt;&gt;<\/a><\/li>\n<li>1986 &#8211; <strong>Alexandru Vlonga<\/strong> &#8212; m\u00f6rdad i Helsingborg. <a href=\"https:\/\/polisen.se\/aktuellt\/kalla-fall\/2019\/augusti\/alexandru-vlonga\/\" target=\"_blank\" rel=\"noopener\">&gt;&gt;&gt;<\/a><\/li>\n<li>1985 &#8211; <strong>Lennart Wihlborg<\/strong> &#8212; m\u00f6rdad i Malm\u00f6. <a href=\"https:\/\/polisen.se\/aktuellt\/kalla-fall\/2020\/mars\/lennart-wihlborg\/\" target=\"_blank\" rel=\"noopener\">&gt;&gt;&gt;<\/a><\/li>\n<\/ul>\n<hr \/>\n<hr \/>\n<p>*) Listk\u00e4lla <a href=\"https:\/\/polisen.se\/aktuellt\/kalla-fall\/\" target=\"_blank\" rel=\"noopener\">polisen.se\/aktuellt\/kalla-fall\/<\/a> (inte sorterad efter \u00e5rtal)<\/p>\n<p>En stor andel av de d\u00f6dade har utl\u00e4ndskt klingande namn, s\u00e4rskilt de senaste decennierna.<br \/>\nDet \u00e4r fastst\u00e4llt att personer med utomv\u00e4stlig bakgrund eller utrikes f\u00f6dda \u00e4r \u00f6verrepresenterade i svenska brottsstatistiken (enligt studie av Br\u00e5). Motsvarande \u00f6verrepresentation syns \u00e4ven bland offren, t ex som f\u00f6ljd av stridigheter mellan rivaliserande kriminella g\u00e4ng.<\/p>\n<p>Att \u00e4ldsta \u00e5rtalet i listan ovan \u00e4r 1985 beror p\u00e5 ett beslut \u00e5r 2010 &#8211; \u00e5ret innan Palmemordet (1986) skulle ha preskriberats &#8211; att den 25-\u00e5riga preskriptionstiden f\u00f6r mord skulle avskaffas retroaktivt. (S\u00e5 att den d\u00e5 24 \u00e5r l\u00e5nga polisutredningen av Palmemordet skulle kunna forts\u00e4tta).<\/p>\n","protected":false},"excerpt":{"rendered":"<p>H\u00e4r listas svenska polisens ouppklarade mord \u00e5ren 2022 till 1985, ett urval*. Listan inneh\u00e5ller drygt 160 kalla fall med personer som m\u00f6rdats eller f\u00f6rsvunnit, mestadels i s\u00f6dra delarna av landet. Det \u00e4r polisens eget urval, det finns fler men &#8221;av olika sk\u00e4l publiceras inte alla kalla fall&#8221;. \u00d6versatt till arabiska: \u0641\u064a\u0645\u0627 \u064a\u0644\u064a \u0642\u0627\u0626\u0645\u0629 \u0645\u062e\u062a\u0627\u0631\u0629 \u0645\u0646 [&hellip;]<\/p>\n","protected":false},"author":1,"featured_media":0,"comment_status":"closed","ping_status":"closed","sticky":false,"template":"","format":"standard","meta":{"footnotes":""},"categories":[108,93],"tags":[],"class_list":["post-6262","post","type-post","status-publish","format-standard","hentry","category-terror-gangvald","category-olosta-fall"],"_links":{"self":[{"href":"https:\/\/mysterium24.se\/index.php?rest_route=\/wp\/v2\/posts\/6262","targetHints":{"allow":["GET"]}}],"collection":[{"href":"https:\/\/mysterium24.se\/index.php?rest_route=\/wp\/v2\/posts"}],"about":[{"href":"https:\/\/mysterium24.se\/index.php?rest_route=\/wp\/v2\/types\/post"}],"author":[{"embeddable":true,"href":"https:\/\/mysterium24.se\/index.php?rest_route=\/wp\/v2\/users\/1"}],"replies":[{"embeddable":true,"href":"https:\/\/mysterium24.se\/index.php?rest_route=%2Fwp%2Fv2%2Fcomments&post=6262"}],"version-history":[{"count":0,"href":"https:\/\/mysterium24.se\/index.php?rest_route=\/wp\/v2\/posts\/6262\/revisions"}],"wp:attachment":[{"href":"https:\/\/mysterium24.se\/index.php?rest_route=%2Fwp%2Fv2%2Fmedia&parent=6262"}],"wp:term":[{"taxonomy":"category","embeddable":true,"href":"https:\/\/mysterium24.se\/index.php?rest_route=%2Fwp%2Fv2%2Fcategories&post=6262"},{"taxonomy":"post_tag","embeddable":true,"href":"https:\/\/mysterium24.se\/index.php?rest_route=%2Fwp%2Fv2%2Ftags&post=6262"}],"curies":[{"name":"wp","href":"https:\/\/api.w.org\/{rel}","templated":true}]}}